{"id":112653,"date":"2021-03-07T08:39:47","date_gmt":"2021-03-07T13:39:47","guid":{"rendered":"https:\/\/linitiative.ca\/International\/%ef%bb%bfla-promotion-des-droits-sociaux-et-economiques-de-la-femme-au-coeur-des-objectifs-majeurs-de-lindh\/"},"modified":"2021-03-07T08:39:47","modified_gmt":"2021-03-07T13:39:47","slug":"%ef%bb%bfla-promotion-des-droits-sociaux-et-economiques-de-la-femme-au-coeur-des-objectifs-majeurs-de-lindh","status":"publish","type":"post","link":"https:\/\/linitiative.ca\/International\/%ef%bb%bfla-promotion-des-droits-sociaux-et-economiques-de-la-femme-au-coeur-des-objectifs-majeurs-de-lindh\/","title":{"rendered":"\ufeffLa promotion des droits sociaux et \u00e9conomiques de la femme au c\u0153ur des objectifs majeurs de l\u2019INDH"},"content":{"rendered":"<div>\n<p style=\"text-align:center\" class=\"has-text-color has-vivid-red-color\"><strong>Coordination<br \/>\nNationale-INDH<\/strong><\/p>\n<p style=\"color:#0608e5\" class=\"has-text-color\"><strong>La promotion des droits sociaux et \u00e9conomiques de la femme se place au c\u0153ur des objectifs majeurs de l\u2019Initiative Nationale pour le D\u00e9veloppement Humain (INDH), a indiqu\u00e9 la Coordination Nationale \u2013 INDH dans un communiqu\u00e9 rendu public \u00e0 l\u2019occasion de la journ\u00e9e internationale de la femme.<\/strong><\/p>\n<p>\u00abLa promotion<br \/>\ndes droits sociaux et \u00e9conomiques de la femme se place au c\u0153ur des objectifs<br \/>\nmajeurs de l\u2019Initiative Nationale pour le D\u00e9veloppement Humain, comme l\u2019a<br \/>\nsoulign\u00e9 Sa Majest\u00e9 le Roi Mohammed VI, Que Dieu L\u2019Assiste, dans son Discours<br \/>\nFondateur de l\u2019INDH, adress\u00e9 \u00e0 la Nation le Mercredi 18 Mai 2005\u2033,<br \/>\nsouligne la m\u00eame source.<\/p>\n<p>La journ\u00e9e<br \/>\ninternationale des femmes, c\u00e9l\u00e9br\u00e9e chaque ann\u00e9e le 8 Mars pour promouvoir la<br \/>\nlutte pour les droits des femmes, est l\u2019occasion \u00abde rappeler l\u2019importance d\u2019un<br \/>\nengagement constant pour r\u00e9duire les in\u00e9galit\u00e9s dont elles sont victimes, et<br \/>\nam\u00e9liorer la condition de cette cat\u00e9gorie de la population, dans l\u2019objectif de<br \/>\nr\u00e9aliser un d\u00e9veloppement humain durable et \u00e9quitable\u00bb, rel\u00e8ve le communiqu\u00e9.<\/p>\n<p>La phase III de<br \/>\nl\u2019INDH, lanc\u00e9e en 2018, s\u2019inscrit en droite ligne de cette Vision Royale. De<br \/>\nfait, dans le cadre de son programme 4 visant l\u2019 \u00abImpulsion du capital humain<br \/>\ndes g\u00e9n\u00e9rations montantes\u00bb, les projets visant \u00abla g\u00e9n\u00e9ralisation de<br \/>\nl\u2019enseignement pr\u00e9scolaire en milieu rural\u00bb ont permis \u00e0 plus de 1.700<br \/>\n\u00e9ducatrices de b\u00e9n\u00e9ficier d\u2019une formation qualifiante et d\u2019\u00eatre ensuite<br \/>\nins\u00e9r\u00e9es dans le march\u00e9 du travail au niveau de leurs localit\u00e9s respectives, ce<br \/>\nqui repr\u00e9sente 85% des \u00e9ducateurs mobilis\u00e9s au niveau de pr\u00e8s de 2.000 unit\u00e9s d\u2019enseignement<br \/>\npr\u00e9scolaire ouvertes pendant la p\u00e9riode 2019-2020, selon le texte. De plus,<br \/>\ndans le cadre des projets \u00abd\u2019appui scolaire\u00bb, notamment pour lutter contre la<br \/>\nd\u00e9perdition scolaire des jeunes issus de milieux d\u00e9favoris\u00e9s, plus de 48.000<br \/>\njeunes filles sont aujourd\u2019hui pensionnaires des diff\u00e9rentes Dar Talib et Dar<br \/>\nTaliba, fait savoir le texte.<\/p>\n<p>Autre axe majeur<br \/>\ndans la promotion du d\u00e9veloppement humain de la population f\u00e9minine, celui<br \/>\nconcernant \u00abla sant\u00e9 et la nutrition de la m\u00e8re et de l\u2019enfant\u00bb, dans le cadre<br \/>\nduquel pr\u00e8s de 160.000 femmes ont pu b\u00e9n\u00e9ficier des prestations offertes par<br \/>\nles diff\u00e9rents projets de l\u2019INDH (Dar Al Oumouma, ambulances, sensibilisation,<br \/>\nkits de naissance pour femmes et nouveaux n\u00e9s), poursuit le communiqu\u00e9.<\/p>\n<p>La promotion des<br \/>\ndroits des femmes passe \u00e9galement par l\u2019am\u00e9lioration des conditions des<br \/>\ncat\u00e9gories les plus d\u00e9munies, cibles principales du programme 2 de la phase III<br \/>\nde l\u2019INDH, relatif \u00e0 \u00abl\u2019accompagnement des personnes en situation de<br \/>\npr\u00e9carit\u00e9\u00bb, rel\u00e8ve la m\u00eame source, ajoutant que dans ce cadre, durant la<br \/>\np\u00e9riode 2019-2020, plus de 66.000 femmes ont pu b\u00e9n\u00e9ficier de 315 actions et<br \/>\nprojets de lutte contre la pr\u00e9carit\u00e9.<\/p>\n<p>L\u2019INDH est<br \/>\nfortement engag\u00e9 dans la promotion de la repr\u00e9sentativit\u00e9 des femmes au sein de<br \/>\nses organes de gouvernance. Elles sont aujourd\u2019hui plus de 3.000 \u00e0 \u00eatre membres<br \/>\ndes comit\u00e9s territoriaux de l\u2019INDH, qui sont des espaces de concertation, de<br \/>\nd\u00e9bat et de validation des projets INDH, conclut le communiqu\u00e9.<\/p>\n<p>L\u2019article <a rel=\"nofollow\" href=\"http:\/\/albayane.press.ma\/%EF%BB%BFla-promotion-des-droits-sociaux-et-economiques-de-la-femme-au-coeur-des-objectifs-majeurs-de-lindh.html\">\ufeffLa promotion des droits sociaux et \u00e9conomiques de la femme au c\u0153ur des objectifs majeurs de l\u2019INDH<\/a> est apparu en premier sur <a rel=\"nofollow\" href=\"http:\/\/albayane.press.ma\/\">ALBAYANE<\/a>.<\/p>\n<\/div>\n<p>Auteur: M&rsquo;hammed rahal<br \/>\n<a href=\"http:\/\/albayane.press.ma\/%EF%BB%BFla-promotion-des-droits-sociaux-et-economiques-de-la-femme-au-coeur-des-objectifs-majeurs-de-lindh.html\">Cliquez ici pour lire l&rsquo;article depuis sa source.<\/a><\/p>\n","protected":false},"excerpt":{"rendered":"<p>Coordination Nationale-INDH La promotion des droits sociaux et \u00e9conomiques de la femme se place au c\u0153ur des objectifs majeurs de l\u2019Initiative Nationale pour le D\u00e9veloppement Humain (INDH), a indiqu\u00e9 la Coordination Nationale \u2013 INDH dans un communiqu\u00e9 rendu public \u00e0 l\u2019occasion de la journ\u00e9e internationale de la femme. \u00abLa promotion des droits sociaux et \u00e9conomiques [&hellip;]<\/p>\n","protected":false},"author":1760,"featured_media":0,"comment_status":"closed","ping_status":"closed","sticky":false,"template":"","format":"standard","meta":{"fifu_image_url":"","fifu_image_alt":"","footnotes":""},"categories":[73,54],"tags":[],"class_list":["post-112653","post","type-post","status-publish","format-standard","hentry","category-actualite","category-maroc"],"_links":{"self":[{"href":"https:\/\/linitiative.ca\/International\/wp-json\/wp\/v2\/posts\/112653","targetHints":{"allow":["GET"]}}],"collection":[{"href":"https:\/\/linitiative.ca\/International\/wp-json\/wp\/v2\/posts"}],"about":[{"href":"https:\/\/linitiative.ca\/International\/wp-json\/wp\/v2\/types\/post"}],"author":[{"embeddable":true,"href":"https:\/\/linitiative.ca\/International\/wp-json\/wp\/v2\/users\/1760"}],"replies":[{"embeddable":true,"href":"https:\/\/linitiative.ca\/International\/wp-json\/wp\/v2\/comments?post=112653"}],"version-history":[{"count":0,"href":"https:\/\/linitiative.ca\/International\/wp-json\/wp\/v2\/posts\/112653\/revisions"}],"wp:attachment":[{"href":"https:\/\/linitiative.ca\/International\/wp-json\/wp\/v2\/media?parent=112653"}],"wp:term":[{"taxonomy":"category","embeddable":true,"href":"https:\/\/linitiative.ca\/International\/wp-json\/wp\/v2\/categories?post=112653"},{"taxonomy":"post_tag","embeddable":true,"href":"https:\/\/linitiative.ca\/International\/wp-json\/wp\/v2\/tags?post=112653"}],"curies":[{"name":"wp","href":"https:\/\/api.w.org\/{rel}","templated":true}]}}