{"id":112658,"date":"2021-03-07T08:30:16","date_gmt":"2021-03-07T13:30:16","guid":{"rendered":"https:\/\/linitiative.ca\/International\/fortes-averses-orageuses-avec-chute-de-neige-dans-plusieurs-provinces\/"},"modified":"2021-03-07T08:30:16","modified_gmt":"2021-03-07T13:30:16","slug":"fortes-averses-orageuses-avec-chute-de-neige-dans-plusieurs-provinces","status":"publish","type":"post","link":"https:\/\/linitiative.ca\/International\/fortes-averses-orageuses-avec-chute-de-neige-dans-plusieurs-provinces\/","title":{"rendered":"Fortes averses orageuses avec chute de neige dans plusieurs provinces"},"content":{"rendered":"<div readability=\"36\">\n<p>De fortes averses localement orageuses et des chutes de neige sont attendues, ce dimanche, dans plusieurs provinces du Royaume, a annonc\u00e9 la Direction g\u00e9n\u00e9rale de la m\u00e9t\u00e9orologie (DGM).<\/p>\n<\/div>\n<div readability=\"88\">\n<p>Ainsi, de fortes averses localement orageuses de niveau orange (25 \u00e0 50 mm) sont pr\u00e9vues du dimanche \u00e0 12h au lundi \u00e0 06h dans les provinces dont Sefrou, Taounate, Taza, F\u00e8s, Guercif et Moulay Yacoub, a indiqu\u00e9 la DGM dans un bulletin m\u00e9t\u00e9orologique sp\u00e9cial.<\/p>\n<p>Le m\u00eame ph\u00e9nom\u00e8ne (15 \u00e0 30mm) est pr\u00e9vu le dimanche de 10h30 \u00e0 18h dans les provinces d\u2019Al Houceima, Benslimane, Berrechid, Casablanca, Chefchaouen, El Jadida, Khemisset, Mdiq-Fnideq, Mediouna, Mohammedia, Nouaceur, Rabat, Sal\u00e9, Settat, Skhirate-Temara et T\u00e9touan.<\/p>\n<p>Des averses mod\u00e9r\u00e9es (15 \u00e0 25 mm) sont pr\u00e9vues cet apr\u00e8s-midi et la nuit sur les provinces d\u2019Al Haouz, Azilal, Beni Mellal, Boulemane, El Hajeb, Figuig, Ifrane, Jerada, Kh\u00e9nifra, Mekn\u00e8s, Midelt, Oujda-Angad, Sidi Kacem, Sidi Slimane et Taourirt.<\/p>\n<p>Par ailleurs, des chutes de neige (05 \u00e0 20 cm), sont \u00e9galement pr\u00e9vues ce dimanche dans les provinces d\u2019Al Haouz, Azilal, Midelt, Beni Mellal, Sefrou et Boulemane.<\/p>\n<p>Quelques chutes de neige persisteront le lundi sur les reliefs du Haut et du Moyen Atlas, selon la DGM.<\/p>\n<\/div>\n<p>Auteur: Meriem IGASS<br \/>\n<a href=\"http:\/\/www.mapmarrakech.ma\/fr\/fortes-averses-orageuses-avec-chute-de-neige-dans-plusieurs-provinces\/\">Cliquez ici pour lire l&rsquo;article depuis sa source.<\/a><\/p>\n","protected":false},"excerpt":{"rendered":"<p>De fortes averses localement orageuses et des chutes de neige sont attendues, ce dimanche, dans plusieurs provinces du Royaume, a annonc\u00e9 la Direction g\u00e9n\u00e9rale de la m\u00e9t\u00e9orologie (DGM). Ainsi, de fortes averses localement orageuses de niveau orange (25 \u00e0 50 mm) sont pr\u00e9vues du dimanche \u00e0 12h au lundi \u00e0 06h dans les provinces dont [&hellip;]<\/p>\n","protected":false},"author":1788,"featured_media":0,"comment_status":"closed","ping_status":"closed","sticky":false,"template":"","format":"standard","meta":{"fifu_image_url":"","fifu_image_alt":"","footnotes":""},"categories":[54,76],"tags":[],"class_list":["post-112658","post","type-post","status-publish","format-standard","hentry","category-maroc","category-regions"],"_links":{"self":[{"href":"https:\/\/linitiative.ca\/International\/wp-json\/wp\/v2\/posts\/112658","targetHints":{"allow":["GET"]}}],"collection":[{"href":"https:\/\/linitiative.ca\/International\/wp-json\/wp\/v2\/posts"}],"about":[{"href":"https:\/\/linitiative.ca\/International\/wp-json\/wp\/v2\/types\/post"}],"author":[{"embeddable":true,"href":"https:\/\/linitiative.ca\/International\/wp-json\/wp\/v2\/users\/1788"}],"replies":[{"embeddable":true,"href":"https:\/\/linitiative.ca\/International\/wp-json\/wp\/v2\/comments?post=112658"}],"version-history":[{"count":0,"href":"https:\/\/linitiative.ca\/International\/wp-json\/wp\/v2\/posts\/112658\/revisions"}],"wp:attachment":[{"href":"https:\/\/linitiative.ca\/International\/wp-json\/wp\/v2\/media?parent=112658"}],"wp:term":[{"taxonomy":"category","embeddable":true,"href":"https:\/\/linitiative.ca\/International\/wp-json\/wp\/v2\/categories?post=112658"},{"taxonomy":"post_tag","embeddable":true,"href":"https:\/\/linitiative.ca\/International\/wp-json\/wp\/v2\/tags?post=112658"}],"curies":[{"name":"wp","href":"https:\/\/api.w.org\/{rel}","templated":true}]}}