{"id":112660,"date":"2021-03-07T13:48:13","date_gmt":"2021-03-07T18:48:13","guid":{"rendered":"https:\/\/linitiative.ca\/International\/appel-a-integrer-lenvironnement-dans-les-politiques-publiques\/"},"modified":"2021-03-07T13:48:13","modified_gmt":"2021-03-07T18:48:13","slug":"appel-a-integrer-lenvironnement-dans-les-politiques-publiques","status":"publish","type":"post","link":"https:\/\/linitiative.ca\/International\/appel-a-integrer-lenvironnement-dans-les-politiques-publiques\/","title":{"rendered":"Appel \u00e0 int\u00e9grer l\u2019environnement dans les politiques publiques"},"content":{"rendered":"<p><iframe loading=\"lazy\" width=\"1170\" height=\"658\" src=\"https:\/\/www.youtube.com\/embed\/ZFkjSz2Xt3Y?feature=oembed\" frameborder=\"0\" allow=\"accelerometer; autoplay; clipboard-write; encrypted-media; gyroscope; picture-in-picture\" allowfullscreen=\"allowfullscreen\">[embedded content]<\/iframe><\/p>\n<div class=\"single-post-excerpt post-excerpt-bc\" readability=\"39\">\n<p>Les participants \u00e0 une conf\u00e9rence organis\u00e9e, samedi \u00e0 Marrakech, autour des impacts du progr\u00e8s \u00e9conomique sur l\u2019environnement et le d\u00e9veloppement durable, ont appel\u00e9 \u00e0 l\u2019int\u00e9gration de la dimension environnementale dans le processus d\u2019\u00e9laboration des politiques publiques, notamment dans le domaine de l\u2019\u00e9conomie publique.<\/p>\n<\/div>\n<p>Auteur: Meriem IGASS<br \/>\n<a href=\"http:\/\/www.mapmarrakech.ma\/fr\/appel-a-integrer-lenvironnement-dans-les-politiques-publiques\/\">Cliquez ici pour lire l&rsquo;article depuis sa source.<\/a><\/p>\n","protected":false},"excerpt":{"rendered":"<p>[embedded content] Les participants \u00e0 une conf\u00e9rence organis\u00e9e, samedi \u00e0 Marrakech, autour des impacts du progr\u00e8s \u00e9conomique sur l\u2019environnement et le d\u00e9veloppement durable, ont appel\u00e9 \u00e0 l\u2019int\u00e9gration de la dimension environnementale dans le processus d\u2019\u00e9laboration des politiques publiques, notamment dans le domaine de l\u2019\u00e9conomie publique. Auteur: Meriem IGASS Cliquez ici pour lire l&rsquo;article depuis sa [&hellip;]<\/p>\n","protected":false},"author":1788,"featured_media":0,"comment_status":"closed","ping_status":"closed","sticky":false,"template":"","format":"standard","meta":{"fifu_image_url":"","fifu_image_alt":"","footnotes":""},"categories":[54,76],"tags":[],"class_list":["post-112660","post","type-post","status-publish","format-standard","hentry","category-maroc","category-regions"],"_links":{"self":[{"href":"https:\/\/linitiative.ca\/International\/wp-json\/wp\/v2\/posts\/112660","targetHints":{"allow":["GET"]}}],"collection":[{"href":"https:\/\/linitiative.ca\/International\/wp-json\/wp\/v2\/posts"}],"about":[{"href":"https:\/\/linitiative.ca\/International\/wp-json\/wp\/v2\/types\/post"}],"author":[{"embeddable":true,"href":"https:\/\/linitiative.ca\/International\/wp-json\/wp\/v2\/users\/1788"}],"replies":[{"embeddable":true,"href":"https:\/\/linitiative.ca\/International\/wp-json\/wp\/v2\/comments?post=112660"}],"version-history":[{"count":0,"href":"https:\/\/linitiative.ca\/International\/wp-json\/wp\/v2\/posts\/112660\/revisions"}],"wp:attachment":[{"href":"https:\/\/linitiative.ca\/International\/wp-json\/wp\/v2\/media?parent=112660"}],"wp:term":[{"taxonomy":"category","embeddable":true,"href":"https:\/\/linitiative.ca\/International\/wp-json\/wp\/v2\/categories?post=112660"},{"taxonomy":"post_tag","embeddable":true,"href":"https:\/\/linitiative.ca\/International\/wp-json\/wp\/v2\/tags?post=112660"}],"curies":[{"name":"wp","href":"https:\/\/api.w.org\/{rel}","templated":true}]}}