{"id":112661,"date":"2021-03-06T15:33:46","date_gmt":"2021-03-06T20:33:46","guid":{"rendered":"https:\/\/linitiative.ca\/International\/principaux-amendements-introduits-au-projet-de-loi-organique-relative-a-la-chambre-des-representants\/"},"modified":"2021-03-06T15:33:46","modified_gmt":"2021-03-06T20:33:46","slug":"principaux-amendements-introduits-au-projet-de-loi-organique-relative-a-la-chambre-des-representants","status":"publish","type":"post","link":"https:\/\/linitiative.ca\/International\/principaux-amendements-introduits-au-projet-de-loi-organique-relative-a-la-chambre-des-representants\/","title":{"rendered":"Principaux amendements introduits au projet de loi organique relative \u00e0 la Chambre des repr\u00e9sentants"},"content":{"rendered":"<div class=\"single-featured\"><img alt=\"\" data-src=\"http:\/\/www.mapoujda.ma\/map\/uploads\/2021\/02\/la-Chambre-des-repr\u00e9sentants-750\u00d7430-MAP.jpg\"\/><\/div>\n<div class=\"entry-content clearfix single-post-content\" readability=\"53\">\n<p class=\"c4\">Voici les principaux amendements introduits au projet de loi organique 04.21 modifiant et compl\u00e9tant la loi organique 27.11 relative \u00e0 la Chambre des repr\u00e9sentants, adopt\u00e9 vendredi en s\u00e9ance pl\u00e9ni\u00e8re par l\u2019institution l\u00e9gislative:<\/p>\n<p class=\"c4\"><strong>\u2013<\/strong> Adoption du quotient \u00e9lectoral calcul sur la base du nombre des citoyens inscrits sur les listes des circonscription \u00e9lectorales concern\u00e9es par par la r\u00e9partition des si\u00e8ges.<\/p>\n<p class=\"c4\"><strong>\u2013<\/strong> Le reste des si\u00e8ges est r\u00e9parti selon la r\u00e8gle des grands restants. Ils sont attribu\u00e9s aux listes ayant les chiffres les plus proches du quotient cit\u00e9.<\/p>\n<p class=\"c4\"><strong>\u2013<\/strong> \u00c9largissement des cas de cumul de mandats \u00e9lectifs pour concerner la pr\u00e9sidence des Conseils pr\u00e9fectoraux ou provinciaux;<\/p>\n<p class=\"c4\"><strong>\u2013<\/strong> R\u00e9vocation de tout d\u00e9put\u00e9 qui s\u2019absente des travaux de la Chambre des repr\u00e9sentants pour une ann\u00e9e l\u00e9gislative sans motif valable ;<\/p>\n<p class=\"c4\"><strong>\u2013<\/strong>\u00a0Ne peut \u00eatre habilit\u00e9e \u00e0 se pr\u00e9senter aux \u00e9lections l\u00e9gislatives au titre des circonscriptions r\u00e9gionales cr\u00e9\u00e9es en vertu de cette loi organique,\u00a0toute personne a d\u00e9j\u00e0 \u00e9t\u00e9 \u00e9lue \u00e0 la Chambre des repr\u00e9sentants au titre de la circonscription nationale \u00e9tablie avant l\u2019entr\u00e9e en vigueur de cette loi organique.<\/p>\n<\/div>\n<p>Auteur: Soufiane ELAHMAR<br \/>\n<a href=\"http:\/\/www.mapoujda.ma\/fr\/principaux-amendements-introduits-au-projet-de-loi-organique-relative-a-la-chambre-des-representants\/\">Cliquez ici pour lire l&rsquo;article depuis sa source.<\/a><\/p>\n","protected":false},"excerpt":{"rendered":"<p>Voici les principaux amendements introduits au projet de loi organique 04.21 modifiant et compl\u00e9tant la loi organique 27.11 relative \u00e0 la Chambre des repr\u00e9sentants, adopt\u00e9 vendredi en s\u00e9ance pl\u00e9ni\u00e8re par l\u2019institution l\u00e9gislative: \u2013 Adoption du quotient \u00e9lectoral calcul sur la base du nombre des citoyens inscrits sur les listes des circonscription \u00e9lectorales concern\u00e9es par par [&hellip;]<\/p>\n","protected":false},"author":1788,"featured_media":0,"comment_status":"closed","ping_status":"closed","sticky":false,"template":"","format":"standard","meta":{"fifu_image_url":"http:\/\/www.mapoujda.ma\/map\/uploads\/2021\/02\/la-Chambre-des-repr\u00e9sentants-750\u00d7430-MAP.jpg","fifu_image_alt":"Principaux amendements introduits au projet de loi organique relative \u00e0 la Chambre des repr\u00e9sentants","footnotes":""},"categories":[54,76],"tags":[],"class_list":["post-112661","post","type-post","status-publish","format-standard","hentry","category-maroc","category-regions"],"_links":{"self":[{"href":"https:\/\/linitiative.ca\/International\/wp-json\/wp\/v2\/posts\/112661","targetHints":{"allow":["GET"]}}],"collection":[{"href":"https:\/\/linitiative.ca\/International\/wp-json\/wp\/v2\/posts"}],"about":[{"href":"https:\/\/linitiative.ca\/International\/wp-json\/wp\/v2\/types\/post"}],"author":[{"embeddable":true,"href":"https:\/\/linitiative.ca\/International\/wp-json\/wp\/v2\/users\/1788"}],"replies":[{"embeddable":true,"href":"https:\/\/linitiative.ca\/International\/wp-json\/wp\/v2\/comments?post=112661"}],"version-history":[{"count":0,"href":"https:\/\/linitiative.ca\/International\/wp-json\/wp\/v2\/posts\/112661\/revisions"}],"wp:attachment":[{"href":"https:\/\/linitiative.ca\/International\/wp-json\/wp\/v2\/media?parent=112661"}],"wp:term":[{"taxonomy":"category","embeddable":true,"href":"https:\/\/linitiative.ca\/International\/wp-json\/wp\/v2\/categories?post=112661"},{"taxonomy":"post_tag","embeddable":true,"href":"https:\/\/linitiative.ca\/International\/wp-json\/wp\/v2\/tags?post=112661"}],"curies":[{"name":"wp","href":"https:\/\/api.w.org\/{rel}","templated":true}]}}