{"id":112667,"date":"2021-03-07T07:10:33","date_gmt":"2021-03-07T12:10:33","guid":{"rendered":"https:\/\/linitiative.ca\/International\/creches-salles-de-sport-culture-ouverture-des-declarations-pour-les-indemnites-cnss\/"},"modified":"2021-03-07T07:10:33","modified_gmt":"2021-03-07T12:10:33","slug":"creches-salles-de-sport-culture-ouverture-des-declarations-pour-les-indemnites-cnss","status":"publish","type":"post","link":"https:\/\/linitiative.ca\/International\/creches-salles-de-sport-culture-ouverture-des-declarations-pour-les-indemnites-cnss\/","title":{"rendered":"Cr\u00e8ches, salles de sport, culture: Ouverture des d\u00e9clarations pour les indemnit\u00e9s CNSS"},"content":{"rendered":"<p class=\"rtejustify\">Les op\u00e9rateurs des cr\u00e8ches priv\u00e9es, des salles de sports et des industries culturelles et cr\u00e9atives (ICC) sont appel\u00e9s \u00e0 effectuer leur d\u00e9claration pour que leurs employ\u00e9s b\u00e9n\u00e9ficient des indemnit\u00e9s CNSS. Afin de b\u00e9n\u00e9ficier des mesures d\u2019aide exceptionnelles, les op\u00e9rateurs qui se trouvent en difficult\u00e9 suite \u00e0 la pand\u00e9mie du Covid19 au sens du d\u00e9cret-loi 2.20.605, doivent maintenir une partie de leurs salari\u00e9s et stagiaires d\u00e9clar\u00e9s \u00e0 la CNSS au titre du mois de f\u00e9vrier 2020. Ainsi, les \u00e9tablissements employant moins de 10 personnes doivent maintenir 80% de leur effectif, contre 90% pour ceux comptant entre 10 et 50 personnes, et 95% pour ceux qui ont plus de 50 employ\u00e9s. Pour les cr\u00e8ches priv\u00e9es, l\u2019indemnit\u00e9 couvre la p\u00e9riode du 1er septembre 2020 au 31 mai 2021.<\/p>\n<p class=\"rtejustify\">Les propri\u00e9taires remplissant les conditions vis\u00e9es dans le guide d&rsquo;utilisation du portail covid19.cnss.ma, qui souhaitent que leurs travailleurs b\u00e9n\u00e9ficient de ce soutien financier, doivent les d\u00e9clarer, \u00e0 partir d&rsquo;aujourd&rsquo;hui jusqu&rsquo;au 15 mars, pour la p\u00e9riode prolong\u00e9e de septembre 2020 \u00e0 janvier 2021. Concernant les mois de f\u00e9vrier et mars 2021, la d\u00e9claration s\u2019\u00e9tale jusqu\u2019au 20 mars 2021. Pour les mois d&rsquo;avril et mai 2021, elle d\u00e9butera le 16 du mois concern\u00e9 au 3 du mois suivant.<\/p>\n<p class=\"rtejustify\">Pour les ICC et les salles de sport, l\u2019indemnit\u00e9 couvre la p\u00e9riode du 1er juillet 2020 au 31 mai 2021.<\/p>\n<p class=\"rtejustify\"><strong>Guide d\u2019utilisation du portail covid19.cnss.ma<\/strong><\/p>\n<p>Auteur: hgueye<br \/>\n<a href=\"https:\/\/www.leconomiste.com\/flash-infos\/creches-salles-de-sport-culture-ouverture-des-declarations-pour-les-indemnites-cnss\">Cliquez ici pour lire l&rsquo;article depuis sa source.<\/a><\/p>\n","protected":false},"excerpt":{"rendered":"<p>Les op\u00e9rateurs des cr\u00e8ches priv\u00e9es, des salles de sports et des industries culturelles et cr\u00e9atives (ICC) sont appel\u00e9s \u00e0 effectuer leur d\u00e9claration pour que leurs employ\u00e9s b\u00e9n\u00e9ficient des indemnit\u00e9s CNSS. Afin de b\u00e9n\u00e9ficier des mesures d\u2019aide exceptionnelles, les op\u00e9rateurs qui se trouvent en difficult\u00e9 suite \u00e0 la pand\u00e9mie du Covid19 au sens du d\u00e9cret-loi 2.20.605, [&hellip;]<\/p>\n","protected":false},"author":1763,"featured_media":0,"comment_status":"closed","ping_status":"closed","sticky":false,"template":"","format":"standard","meta":{"fifu_image_url":"","fifu_image_alt":"","footnotes":""},"categories":[78,54],"tags":[],"class_list":["post-112667","post","type-post","status-publish","format-standard","hentry","category-economie","category-maroc"],"_links":{"self":[{"href":"https:\/\/linitiative.ca\/International\/wp-json\/wp\/v2\/posts\/112667","targetHints":{"allow":["GET"]}}],"collection":[{"href":"https:\/\/linitiative.ca\/International\/wp-json\/wp\/v2\/posts"}],"about":[{"href":"https:\/\/linitiative.ca\/International\/wp-json\/wp\/v2\/types\/post"}],"author":[{"embeddable":true,"href":"https:\/\/linitiative.ca\/International\/wp-json\/wp\/v2\/users\/1763"}],"replies":[{"embeddable":true,"href":"https:\/\/linitiative.ca\/International\/wp-json\/wp\/v2\/comments?post=112667"}],"version-history":[{"count":0,"href":"https:\/\/linitiative.ca\/International\/wp-json\/wp\/v2\/posts\/112667\/revisions"}],"wp:attachment":[{"href":"https:\/\/linitiative.ca\/International\/wp-json\/wp\/v2\/media?parent=112667"}],"wp:term":[{"taxonomy":"category","embeddable":true,"href":"https:\/\/linitiative.ca\/International\/wp-json\/wp\/v2\/categories?post=112667"},{"taxonomy":"post_tag","embeddable":true,"href":"https:\/\/linitiative.ca\/International\/wp-json\/wp\/v2\/tags?post=112667"}],"curies":[{"name":"wp","href":"https:\/\/api.w.org\/{rel}","templated":true}]}}