{"id":112668,"date":"2021-03-07T08:23:34","date_gmt":"2021-03-07T13:23:34","guid":{"rendered":"https:\/\/linitiative.ca\/International\/le-dirham-sapprecie-face-a-leuro\/"},"modified":"2021-03-07T08:23:34","modified_gmt":"2021-03-07T13:23:34","slug":"le-dirham-sapprecie-face-a-leuro","status":"publish","type":"post","link":"https:\/\/linitiative.ca\/International\/le-dirham-sapprecie-face-a-leuro\/","title":{"rendered":"Le dirham s&rsquo;appr\u00e9cie face \u00e0 l&rsquo;euro"},"content":{"rendered":"<p class=\"rtejustify\">Le dirham s&rsquo;est appr\u00e9ci\u00e9 de 0,51% par rapport \u00e0 l&rsquo;euro et s&rsquo;est d\u00e9pr\u00e9ci\u00e9 de 0,13% vis-\u00e0-vis du dollar am\u00e9ricain, durant la p\u00e9riode allant du 25 f\u00e9vrier au 3 mars, selon Bank Al-Maghrib (BAM). Au 26 f\u00e9vrier dernier, l&rsquo;encours des avoirs officiels de r\u00e9serve s&rsquo;est \u00e9tabli \u00e0 308,5 milliards de DH, en hausse de 0,1% d&rsquo;une semaine \u00e0 l&rsquo;autre et de 24,7% en glissement annuel, pr\u00e9cise la banque centrale.<\/p>\n<p>Auteur: hgueye<br \/>\n<a href=\"https:\/\/www.leconomiste.com\/flash-infos\/le-dirham-s-apprecie-face-l-euro-5\">Cliquez ici pour lire l&rsquo;article depuis sa source.<\/a><\/p>\n","protected":false},"excerpt":{"rendered":"<p>Le dirham s&rsquo;est appr\u00e9ci\u00e9 de 0,51% par rapport \u00e0 l&rsquo;euro et s&rsquo;est d\u00e9pr\u00e9ci\u00e9 de 0,13% vis-\u00e0-vis du dollar am\u00e9ricain, durant la p\u00e9riode allant du 25 f\u00e9vrier au 3 mars, selon Bank Al-Maghrib (BAM). Au 26 f\u00e9vrier dernier, l&rsquo;encours des avoirs officiels de r\u00e9serve s&rsquo;est \u00e9tabli \u00e0 308,5 milliards de DH, en hausse de 0,1% d&rsquo;une [&hellip;]<\/p>\n","protected":false},"author":1763,"featured_media":0,"comment_status":"closed","ping_status":"closed","sticky":false,"template":"","format":"standard","meta":{"fifu_image_url":"","fifu_image_alt":"","footnotes":""},"categories":[78,54],"tags":[],"class_list":["post-112668","post","type-post","status-publish","format-standard","hentry","category-economie","category-maroc"],"_links":{"self":[{"href":"https:\/\/linitiative.ca\/International\/wp-json\/wp\/v2\/posts\/112668","targetHints":{"allow":["GET"]}}],"collection":[{"href":"https:\/\/linitiative.ca\/International\/wp-json\/wp\/v2\/posts"}],"about":[{"href":"https:\/\/linitiative.ca\/International\/wp-json\/wp\/v2\/types\/post"}],"author":[{"embeddable":true,"href":"https:\/\/linitiative.ca\/International\/wp-json\/wp\/v2\/users\/1763"}],"replies":[{"embeddable":true,"href":"https:\/\/linitiative.ca\/International\/wp-json\/wp\/v2\/comments?post=112668"}],"version-history":[{"count":0,"href":"https:\/\/linitiative.ca\/International\/wp-json\/wp\/v2\/posts\/112668\/revisions"}],"wp:attachment":[{"href":"https:\/\/linitiative.ca\/International\/wp-json\/wp\/v2\/media?parent=112668"}],"wp:term":[{"taxonomy":"category","embeddable":true,"href":"https:\/\/linitiative.ca\/International\/wp-json\/wp\/v2\/categories?post=112668"},{"taxonomy":"post_tag","embeddable":true,"href":"https:\/\/linitiative.ca\/International\/wp-json\/wp\/v2\/tags?post=112668"}],"curies":[{"name":"wp","href":"https:\/\/api.w.org\/{rel}","templated":true}]}}