{"id":112669,"date":"2021-03-07T12:13:55","date_gmt":"2021-03-07T17:13:55","guid":{"rendered":"https:\/\/linitiative.ca\/International\/covid19-le-nombre-de-personnes-vaccinees-reste-a-391-millions-249-nouveaux-cas-enregistres\/"},"modified":"2021-03-07T12:13:55","modified_gmt":"2021-03-07T17:13:55","slug":"covid19-le-nombre-de-personnes-vaccinees-reste-a-391-millions-249-nouveaux-cas-enregistres","status":"publish","type":"post","link":"https:\/\/linitiative.ca\/International\/covid19-le-nombre-de-personnes-vaccinees-reste-a-391-millions-249-nouveaux-cas-enregistres\/","title":{"rendered":"Covid19: Le nombre de personnes vaccin\u00e9es reste \u00e0 3,91 millions, 249 nouveaux cas enregistr\u00e9s"},"content":{"rendered":"<p class=\"rtejustify\">Le Maroc a enregistr\u00e9 249 nouveaux cas de Covid19 durant les derni\u00e8res 24 heures, ce qui porte le total \u00e0\u00a0486.223 cas confirm\u00e9s, d&rsquo;apr\u00e8s le nouveau bilan du minist\u00e8re de la Sant\u00e9 de ce dimanche 7 mars 2021.<\/p>\n<p class=\"rtejustify\">Le nombre de personnes vaccin\u00e9es se chiffre \u00e0\u00a03.913.615 indique \u00e9galement le minist\u00e8re.\u00a0578.942 personnes ont pris leur 2e dose.<\/p>\n<p class=\"rtejustify\">Casablanca-Settat a enregistr\u00e9 145 nouveaux cas, alors que la r\u00e9gion de Rabat-Sal\u00e9-K\u00e9nitra en compte 22. Au total, 8.624 nouveaux tests ont \u00e9t\u00e9 r\u00e9alis\u00e9s.<\/p>\n<p class=\"rtejustify\">Quant au nombre de d\u00e9c\u00e8s, il s&rsquo;\u00e9tablit \u00e0 8.682, soit 6 morts de plus en 24 heures (taux de l\u00e9talit\u00e9 1,8%), alors que 321 nouvelles gu\u00e9risons ont \u00e9t\u00e9 recens\u00e9es, soit au total 472;240\u00a0(taux de gu\u00e9rison 97,1%). Le nombre de cas encore actifs atteint 5.301, dont 372 s\u00e9v\u00e8res. Parmi ces derniers, 19 sont sous intubation, alors que 225 sont sous ventilation non invasive. Par ailleurs, le taux d&rsquo;occupation des lits d\u00e9di\u00e9s au Covid-19 atteint 11,8%.<\/p>\n<blockquote readability=\"4.75\">\n<p class=\"rtejustify\"><strong>Pour plus de d\u00e9tails, voir l&rsquo;\u00e9volution en temps r\u00e9el de l&rsquo;\u00e9pid\u00e9mie sur <a href=\"https:\/\/www.leconomiste.com\/covid19\/\">https:\/\/www.leconomiste.com\/covid19\/<\/a><\/strong><\/p>\n<\/blockquote>\n<p>Auteur: hgueye<br \/>\n<a href=\"https:\/\/www.leconomiste.com\/flash-infos\/covid19-personnes-vaccinees\">Cliquez ici pour lire l&rsquo;article depuis sa source.<\/a><\/p>\n","protected":false},"excerpt":{"rendered":"<p>Le Maroc a enregistr\u00e9 249 nouveaux cas de Covid19 durant les derni\u00e8res 24 heures, ce qui porte le total \u00e0\u00a0486.223 cas confirm\u00e9s, d&rsquo;apr\u00e8s le nouveau bilan du minist\u00e8re de la Sant\u00e9 de ce dimanche 7 mars 2021. Le nombre de personnes vaccin\u00e9es se chiffre \u00e0\u00a03.913.615 indique \u00e9galement le minist\u00e8re.\u00a0578.942 personnes ont pris leur 2e dose. [&hellip;]<\/p>\n","protected":false},"author":1763,"featured_media":0,"comment_status":"closed","ping_status":"closed","sticky":false,"template":"","format":"standard","meta":{"fifu_image_url":"","fifu_image_alt":"","footnotes":""},"categories":[78,54],"tags":[],"class_list":["post-112669","post","type-post","status-publish","format-standard","hentry","category-economie","category-maroc"],"_links":{"self":[{"href":"https:\/\/linitiative.ca\/International\/wp-json\/wp\/v2\/posts\/112669","targetHints":{"allow":["GET"]}}],"collection":[{"href":"https:\/\/linitiative.ca\/International\/wp-json\/wp\/v2\/posts"}],"about":[{"href":"https:\/\/linitiative.ca\/International\/wp-json\/wp\/v2\/types\/post"}],"author":[{"embeddable":true,"href":"https:\/\/linitiative.ca\/International\/wp-json\/wp\/v2\/users\/1763"}],"replies":[{"embeddable":true,"href":"https:\/\/linitiative.ca\/International\/wp-json\/wp\/v2\/comments?post=112669"}],"version-history":[{"count":0,"href":"https:\/\/linitiative.ca\/International\/wp-json\/wp\/v2\/posts\/112669\/revisions"}],"wp:attachment":[{"href":"https:\/\/linitiative.ca\/International\/wp-json\/wp\/v2\/media?parent=112669"}],"wp:term":[{"taxonomy":"category","embeddable":true,"href":"https:\/\/linitiative.ca\/International\/wp-json\/wp\/v2\/categories?post=112669"},{"taxonomy":"post_tag","embeddable":true,"href":"https:\/\/linitiative.ca\/International\/wp-json\/wp\/v2\/tags?post=112669"}],"curies":[{"name":"wp","href":"https:\/\/api.w.org\/{rel}","templated":true}]}}