{"id":112672,"date":"2021-03-07T15:14:37","date_gmt":"2021-03-07T20:14:37","guid":{"rendered":"https:\/\/linitiative.ca\/International\/international-liga-grace-a-benzema-le-real-arrache-le-nul-face-a-latletico\/"},"modified":"2021-03-07T15:14:37","modified_gmt":"2021-03-07T20:14:37","slug":"international-liga-grace-a-benzema-le-real-arrache-le-nul-face-a-latletico","status":"publish","type":"post","link":"https:\/\/linitiative.ca\/International\/international-liga-grace-a-benzema-le-real-arrache-le-nul-face-a-latletico\/","title":{"rendered":"International : Liga: gr\u00e2ce \u00e0 Benzema, le Real arrache le nul face \u00e0 l&rsquo;Atl\u00e9tico"},"content":{"rendered":"<div readability=\"32\">\n<p>Auteur : <span class=\"time\">dimanche 07 mars 2021 18:20<\/span><\/p>\n<\/div>\n<div id=\"post_core\" readability=\"40\">\n<p>C\u2019\u00e9tait le choc de cette 26\u00e8me journ\u00e9e de la Liga. Le leader, l\u2019Atl\u00e9tico Madrid avait la possibilit\u00e9 de faire un grand pas vers le titre en s\u2019imposant face \u00e0 son \u00e9ternel rival et voisin le Real Madrid dans le derby de la capitale espagnole. Et cette rencontre d\u00e9marrait de la meilleure des mani\u00e8res pour les Colchoneros avec l\u2019ouverture du score de Luis Suarez \u00e0 la 15\u00e8me minute. 1-0 \u00e0 la pause pour l\u2019\u00e9quipe de Diego Simeone qui dominait cette premi\u00e8re p\u00e9riode. Dans la seconde partie du match, les Merengues arrivaient finalement \u00e0 trouver la faille \u00e0 la 88\u00e8me minute de jeu gr\u00e2ce \u00e0 Karim Benzema. 1-1, score final. Les pensionnaires du Wanda Metropolitano pouvaient nourrir des regrets avec ce r\u00e9sultat et cette \u00e9galisation en toute fin de match. Les partenaires de Thomas Lemar restent leader mais ratent l&rsquo;occasion de creuser l&rsquo;\u00e9cart avec le Bar\u00e7a, qui reste \u00e0 trois points, avec un match de plus rapporte FootMercato.<\/p>\n<p><strong>Publi\u00e9 dans :<\/strong> <span>benzema<\/span><\/p>\n<\/div>\n<p>Auteur:<br \/>\n<a href=\"http:\/\/www.lebuteur.com\/article\/detail?titre=liga-grace-a-benzema-le-real-arrache-le-nul-face-a-latletico&#038;id=99310&#038;utm_source=feedburner&#038;utm_medium=feed&#038;utm_campaign=Feed%3A+GalerieFArtciles+%28Les+derniers+articles++-+lebuteur.com%29\">Cliquez ici pour lire l&rsquo;article depuis sa source.<\/a><\/p>\n","protected":false},"excerpt":{"rendered":"<p>Auteur : dimanche 07 mars 2021 18:20 C\u2019\u00e9tait le choc de cette 26\u00e8me journ\u00e9e de la Liga. Le leader, l\u2019Atl\u00e9tico Madrid avait la possibilit\u00e9 de faire un grand pas vers le titre en s\u2019imposant face \u00e0 son \u00e9ternel rival et voisin le Real Madrid dans le derby de la capitale espagnole. Et cette rencontre d\u00e9marrait [&hellip;]<\/p>\n","protected":false},"author":1738,"featured_media":0,"comment_status":"closed","ping_status":"closed","sticky":false,"template":"","format":"standard","meta":{"fifu_image_url":"\/\/cdn.lebuteur.com\/data\/images\/article\/thumbs\/large-liga-grace-a-benzema-le-real-arrache-le-nul-face-a-latletico-c7126.jpg","fifu_image_alt":"International : Liga: gr\u00e2ce \u00e0 Benzema, le Real arrache le nul face \u00e0 l'Atl\u00e9tico","footnotes":""},"categories":[53,75],"tags":[],"class_list":["post-112672","post","type-post","status-publish","format-standard","hentry","category-algerie","category-sport"],"_links":{"self":[{"href":"https:\/\/linitiative.ca\/International\/wp-json\/wp\/v2\/posts\/112672","targetHints":{"allow":["GET"]}}],"collection":[{"href":"https:\/\/linitiative.ca\/International\/wp-json\/wp\/v2\/posts"}],"about":[{"href":"https:\/\/linitiative.ca\/International\/wp-json\/wp\/v2\/types\/post"}],"author":[{"embeddable":true,"href":"https:\/\/linitiative.ca\/International\/wp-json\/wp\/v2\/users\/1738"}],"replies":[{"embeddable":true,"href":"https:\/\/linitiative.ca\/International\/wp-json\/wp\/v2\/comments?post=112672"}],"version-history":[{"count":0,"href":"https:\/\/linitiative.ca\/International\/wp-json\/wp\/v2\/posts\/112672\/revisions"}],"wp:attachment":[{"href":"https:\/\/linitiative.ca\/International\/wp-json\/wp\/v2\/media?parent=112672"}],"wp:term":[{"taxonomy":"category","embeddable":true,"href":"https:\/\/linitiative.ca\/International\/wp-json\/wp\/v2\/categories?post=112672"},{"taxonomy":"post_tag","embeddable":true,"href":"https:\/\/linitiative.ca\/International\/wp-json\/wp\/v2\/tags?post=112672"}],"curies":[{"name":"wp","href":"https:\/\/api.w.org\/{rel}","templated":true}]}}