{"id":112676,"date":"2021-03-07T06:00:00","date_gmt":"2021-03-07T11:00:00","guid":{"rendered":"https:\/\/linitiative.ca\/International\/la-transition-immobile-panorama-haute-definition-de-la-decennie-2011-2020\/"},"modified":"2021-03-07T06:00:00","modified_gmt":"2021-03-07T11:00:00","slug":"la-transition-immobile-panorama-haute-definition-de-la-decennie-2011-2020","status":"publish","type":"post","link":"https:\/\/linitiative.ca\/International\/la-transition-immobile-panorama-haute-definition-de-la-decennie-2011-2020\/","title":{"rendered":"La transition immobile: Panorama haute d\u00e9finition de la d\u00e9cennie 2011-2020"},"content":{"rendered":"<div><img decoding=\"async\" src=\"http:\/\/www.leaders.com.tn\/uploads\/content\/thumbnails_small\/1615060095_article.jpg\" alt=\"La transition immobile: Panorama haute d\u00e9finition de la d\u00e9cennie 2011-2020\" align=\"left\">Par Mohamed-El Aziz Ben Achour &#8211; Grand commis de l\u2019Etat, Abb\u00e8s Mohsen a consacr\u00e9 toute sa vie professionnelle au service de la nation et de la R\u00e9publique. Homme d\u2019exp\u00e9rience et hautement cultiv\u00e9, il s\u2019est mis, apr\u00e8s la r\u00e9volution, au service de la m\u00e9moire nationale et de l\u2019intelligence tunisienne. En 2012, il publia ses m\u00e9moires sous le titre \u00ab Servir \u00bb (\u00e9d.Tchou) puis en 2016 un travail magistral sur les gouverneurs (\u00e9d.C\u00e9r\u00e8s). Son troisi\u00e8me opus \u00ab La Transition immobile, Chronique d\u2019un \u00e9chec \u00bb vient de para\u00eetre (Maison du Livre, 2021). Dans cet ouvrage, dont le contenu est beaucoup plus vaste que ne le laisse croire le titre, il nous livre une r\u00e9flexion &#8230;<\/p>\n<\/div>\n<p>Auteur:<br \/>\n<a href=\"https:\/\/www.leaders.com.tn\/article\/31537-la-transition-immobile-panorama-haute-definition-de-la-decennie-2011-2020\">Cliquez ici pour lire l&rsquo;article depuis sa source.<\/a><\/p>\n","protected":false},"excerpt":{"rendered":"<p>Par Mohamed-El Aziz Ben Achour &#8211; Grand commis de l\u2019Etat, Abb\u00e8s Mohsen a consacr\u00e9 toute sa vie professionnelle au service de la nation et de la R\u00e9publique. Homme d\u2019exp\u00e9rience et hautement cultiv\u00e9, il s\u2019est mis, apr\u00e8s la r\u00e9volution, au service de la m\u00e9moire nationale et de l\u2019intelligence tunisienne. En 2012, il publia ses m\u00e9moires sous [&hellip;]<\/p>\n","protected":false},"author":1772,"featured_media":0,"comment_status":"closed","ping_status":"closed","sticky":false,"template":"","format":"standard","meta":{"fifu_image_url":"http:\/\/www.leaders.com.tn\/uploads\/content\/thumbnails_small\/1615060095_article.jpg","fifu_image_alt":"La transition immobile: Panorama haute d\u00e9finition de la d\u00e9cennie 2011-2020","footnotes":""},"categories":[73,55],"tags":[],"class_list":["post-112676","post","type-post","status-publish","format-standard","hentry","category-actualite","category-tunisie"],"_links":{"self":[{"href":"https:\/\/linitiative.ca\/International\/wp-json\/wp\/v2\/posts\/112676","targetHints":{"allow":["GET"]}}],"collection":[{"href":"https:\/\/linitiative.ca\/International\/wp-json\/wp\/v2\/posts"}],"about":[{"href":"https:\/\/linitiative.ca\/International\/wp-json\/wp\/v2\/types\/post"}],"author":[{"embeddable":true,"href":"https:\/\/linitiative.ca\/International\/wp-json\/wp\/v2\/users\/1772"}],"replies":[{"embeddable":true,"href":"https:\/\/linitiative.ca\/International\/wp-json\/wp\/v2\/comments?post=112676"}],"version-history":[{"count":0,"href":"https:\/\/linitiative.ca\/International\/wp-json\/wp\/v2\/posts\/112676\/revisions"}],"wp:attachment":[{"href":"https:\/\/linitiative.ca\/International\/wp-json\/wp\/v2\/media?parent=112676"}],"wp:term":[{"taxonomy":"category","embeddable":true,"href":"https:\/\/linitiative.ca\/International\/wp-json\/wp\/v2\/categories?post=112676"},{"taxonomy":"post_tag","embeddable":true,"href":"https:\/\/linitiative.ca\/International\/wp-json\/wp\/v2\/tags?post=112676"}],"curies":[{"name":"wp","href":"https:\/\/api.w.org\/{rel}","templated":true}]}}