{"id":112677,"date":"2021-03-07T05:00:00","date_gmt":"2021-03-07T10:00:00","guid":{"rendered":"https:\/\/linitiative.ca\/International\/sondage\/"},"modified":"2021-03-07T05:00:00","modified_gmt":"2021-03-07T10:00:00","slug":"sondage","status":"publish","type":"post","link":"https:\/\/linitiative.ca\/International\/sondage\/","title":{"rendered":"Sondage"},"content":{"rendered":"<p class=\"c3\">Le minist\u00e8re de l\u2019Enseignement sup\u00e9rieur lance un sondage sur l\u2019utilisation des cours en ligne de premi\u00e8re ann\u00e9e, introduits cette ann\u00e9e, \u00e0 titre exceptionnel, en raison de la pand\u00e9mie de Covid-19. Le minist\u00e8re sonde, ainsi, les \u00e9tudiants sur la qualit\u00e9 du contenu, mais aussi sur d\u2019\u00e9ventuels autres sites similaires qu\u2019auront utilis\u00e9s les \u00e9tudiants. Le d\u00e9partement de Benziane demande \u00e9galement aux \u00e9tudiants, \u00e0 travers ce sondage, de lui faire d\u2019\u00e9ventuelles propositions en vue d\u2019am\u00e9liorer ce nouveau mode d\u2019enseignement.<\/p>\n<p>Auteur:<br \/>\n<a href=\"https:\/\/www.lesoirdalgerie.com\/periscoop\/sondage-57450\">Cliquez ici pour lire l&rsquo;article depuis sa source.<\/a><\/p>\n","protected":false},"excerpt":{"rendered":"<p>Le minist\u00e8re de l\u2019Enseignement sup\u00e9rieur lance un sondage sur l\u2019utilisation des cours en ligne de premi\u00e8re ann\u00e9e, introduits cette ann\u00e9e, \u00e0 titre exceptionnel, en raison de la pand\u00e9mie de Covid-19. Le minist\u00e8re sonde, ainsi, les \u00e9tudiants sur la qualit\u00e9 du contenu, mais aussi sur d\u2019\u00e9ventuels autres sites similaires qu\u2019auront utilis\u00e9s les \u00e9tudiants. Le d\u00e9partement de [&hellip;]<\/p>\n","protected":false},"author":1741,"featured_media":0,"comment_status":"closed","ping_status":"closed","sticky":false,"template":"","format":"standard","meta":{"fifu_image_url":"","fifu_image_alt":"","footnotes":""},"categories":[73,53],"tags":[],"class_list":["post-112677","post","type-post","status-publish","format-standard","hentry","category-actualite","category-algerie"],"_links":{"self":[{"href":"https:\/\/linitiative.ca\/International\/wp-json\/wp\/v2\/posts\/112677","targetHints":{"allow":["GET"]}}],"collection":[{"href":"https:\/\/linitiative.ca\/International\/wp-json\/wp\/v2\/posts"}],"about":[{"href":"https:\/\/linitiative.ca\/International\/wp-json\/wp\/v2\/types\/post"}],"author":[{"embeddable":true,"href":"https:\/\/linitiative.ca\/International\/wp-json\/wp\/v2\/users\/1741"}],"replies":[{"embeddable":true,"href":"https:\/\/linitiative.ca\/International\/wp-json\/wp\/v2\/comments?post=112677"}],"version-history":[{"count":0,"href":"https:\/\/linitiative.ca\/International\/wp-json\/wp\/v2\/posts\/112677\/revisions"}],"wp:attachment":[{"href":"https:\/\/linitiative.ca\/International\/wp-json\/wp\/v2\/media?parent=112677"}],"wp:term":[{"taxonomy":"category","embeddable":true,"href":"https:\/\/linitiative.ca\/International\/wp-json\/wp\/v2\/categories?post=112677"},{"taxonomy":"post_tag","embeddable":true,"href":"https:\/\/linitiative.ca\/International\/wp-json\/wp\/v2\/tags?post=112677"}],"curies":[{"name":"wp","href":"https:\/\/api.w.org\/{rel}","templated":true}]}}