{"id":112678,"date":"2021-03-07T05:00:00","date_gmt":"2021-03-07T10:00:00","guid":{"rendered":"https:\/\/linitiative.ca\/International\/infrastructures-necessaires\/"},"modified":"2021-03-07T05:00:00","modified_gmt":"2021-03-07T10:00:00","slug":"infrastructures-necessaires","status":"publish","type":"post","link":"https:\/\/linitiative.ca\/International\/infrastructures-necessaires\/","title":{"rendered":"Infrastructures n\u00e9cessaires"},"content":{"rendered":"<p class=\"c3\">Le ministre de l\u2019Habitat se penche sur l\u2019\u00e9pineux probl\u00e8me du manque d\u2019infrastructures \u00e9ducatives au niveau des nouvelles cit\u00e9s, notamment de types AADL et LPP. Des projets sont ainsi lanc\u00e9s dans ce sens au niveau de plusieurs grandes villes comme Alger, Oran et Constantine, en vue de proc\u00e9der \u00e0 la r\u00e9alisation de ces \u00e9tablissements scolaires dans les meilleurs d\u00e9lais et, surtout, permettre aux parents d\u2019inscrire leurs enfants au niveau de leurs nouveaux lieux de r\u00e9sidence d\u00e8s la prochaine rentr\u00e9e.<\/p>\n<p>Auteur:<br \/>\n<a href=\"https:\/\/www.lesoirdalgerie.com\/periscoop\/infrastructures-necessaires-57449\">Cliquez ici pour lire l&rsquo;article depuis sa source.<\/a><\/p>\n","protected":false},"excerpt":{"rendered":"<p>Le ministre de l\u2019Habitat se penche sur l\u2019\u00e9pineux probl\u00e8me du manque d\u2019infrastructures \u00e9ducatives au niveau des nouvelles cit\u00e9s, notamment de types AADL et LPP. Des projets sont ainsi lanc\u00e9s dans ce sens au niveau de plusieurs grandes villes comme Alger, Oran et Constantine, en vue de proc\u00e9der \u00e0 la r\u00e9alisation de ces \u00e9tablissements scolaires dans [&hellip;]<\/p>\n","protected":false},"author":1741,"featured_media":0,"comment_status":"closed","ping_status":"closed","sticky":false,"template":"","format":"standard","meta":{"fifu_image_url":"","fifu_image_alt":"","footnotes":""},"categories":[73,53],"tags":[],"class_list":["post-112678","post","type-post","status-publish","format-standard","hentry","category-actualite","category-algerie"],"_links":{"self":[{"href":"https:\/\/linitiative.ca\/International\/wp-json\/wp\/v2\/posts\/112678","targetHints":{"allow":["GET"]}}],"collection":[{"href":"https:\/\/linitiative.ca\/International\/wp-json\/wp\/v2\/posts"}],"about":[{"href":"https:\/\/linitiative.ca\/International\/wp-json\/wp\/v2\/types\/post"}],"author":[{"embeddable":true,"href":"https:\/\/linitiative.ca\/International\/wp-json\/wp\/v2\/users\/1741"}],"replies":[{"embeddable":true,"href":"https:\/\/linitiative.ca\/International\/wp-json\/wp\/v2\/comments?post=112678"}],"version-history":[{"count":0,"href":"https:\/\/linitiative.ca\/International\/wp-json\/wp\/v2\/posts\/112678\/revisions"}],"wp:attachment":[{"href":"https:\/\/linitiative.ca\/International\/wp-json\/wp\/v2\/media?parent=112678"}],"wp:term":[{"taxonomy":"category","embeddable":true,"href":"https:\/\/linitiative.ca\/International\/wp-json\/wp\/v2\/categories?post=112678"},{"taxonomy":"post_tag","embeddable":true,"href":"https:\/\/linitiative.ca\/International\/wp-json\/wp\/v2\/tags?post=112678"}],"curies":[{"name":"wp","href":"https:\/\/api.w.org\/{rel}","templated":true}]}}