{"id":112679,"date":"2021-03-07T05:00:00","date_gmt":"2021-03-07T10:00:00","guid":{"rendered":"https:\/\/linitiative.ca\/International\/le-siege-de-la-discorde\/"},"modified":"2021-03-07T05:00:00","modified_gmt":"2021-03-07T10:00:00","slug":"le-siege-de-la-discorde","status":"publish","type":"post","link":"https:\/\/linitiative.ca\/International\/le-siege-de-la-discorde\/","title":{"rendered":"Le si\u00e8ge de la discorde"},"content":{"rendered":"<p class=\"c3\">En assistant, en d\u00e9but de semaine derni\u00e8re, \u00e0 la pr\u00e9sentation du bilan des \u0153uvres sociales de l&rsquo;\u00e9ducation, les syndicats du secteur ont \u00e9t\u00e9 stup\u00e9faits de d\u00e9couvrir que la commission nationale des \u0153uvres sociales avait acquis un si\u00e8ge pour la somme de 34 milliards de centimes.\u00a0<br \/>Une \u00abd\u00e9couverte\u00bb qui a choqu\u00e9 plus d&rsquo;un, d&rsquo;autant que le si\u00e8ge situ\u00e9 \u00e0 Alger n&rsquo;a toujours pas \u00e9t\u00e9 mis \u00e0 la disposition de l\u2019actuelle \u00e9quipe qui dirige les \u0153uvres sociales des travailleurs de l&rsquo;\u00e9ducation.<\/p>\n<p>Auteur:<br \/>\n<a href=\"https:\/\/www.lesoirdalgerie.com\/periscoop\/le-siege-de-la-discorde-57448\">Cliquez ici pour lire l&rsquo;article depuis sa source.<\/a><\/p>\n","protected":false},"excerpt":{"rendered":"<p>En assistant, en d\u00e9but de semaine derni\u00e8re, \u00e0 la pr\u00e9sentation du bilan des \u0153uvres sociales de l&rsquo;\u00e9ducation, les syndicats du secteur ont \u00e9t\u00e9 stup\u00e9faits de d\u00e9couvrir que la commission nationale des \u0153uvres sociales avait acquis un si\u00e8ge pour la somme de 34 milliards de centimes.\u00a0Une \u00abd\u00e9couverte\u00bb qui a choqu\u00e9 plus d&rsquo;un, d&rsquo;autant que le si\u00e8ge [&hellip;]<\/p>\n","protected":false},"author":1741,"featured_media":0,"comment_status":"closed","ping_status":"closed","sticky":false,"template":"","format":"standard","meta":{"fifu_image_url":"","fifu_image_alt":"","footnotes":""},"categories":[73,53],"tags":[],"class_list":["post-112679","post","type-post","status-publish","format-standard","hentry","category-actualite","category-algerie"],"_links":{"self":[{"href":"https:\/\/linitiative.ca\/International\/wp-json\/wp\/v2\/posts\/112679","targetHints":{"allow":["GET"]}}],"collection":[{"href":"https:\/\/linitiative.ca\/International\/wp-json\/wp\/v2\/posts"}],"about":[{"href":"https:\/\/linitiative.ca\/International\/wp-json\/wp\/v2\/types\/post"}],"author":[{"embeddable":true,"href":"https:\/\/linitiative.ca\/International\/wp-json\/wp\/v2\/users\/1741"}],"replies":[{"embeddable":true,"href":"https:\/\/linitiative.ca\/International\/wp-json\/wp\/v2\/comments?post=112679"}],"version-history":[{"count":0,"href":"https:\/\/linitiative.ca\/International\/wp-json\/wp\/v2\/posts\/112679\/revisions"}],"wp:attachment":[{"href":"https:\/\/linitiative.ca\/International\/wp-json\/wp\/v2\/media?parent=112679"}],"wp:term":[{"taxonomy":"category","embeddable":true,"href":"https:\/\/linitiative.ca\/International\/wp-json\/wp\/v2\/categories?post=112679"},{"taxonomy":"post_tag","embeddable":true,"href":"https:\/\/linitiative.ca\/International\/wp-json\/wp\/v2\/tags?post=112679"}],"curies":[{"name":"wp","href":"https:\/\/api.w.org\/{rel}","templated":true}]}}