{"id":112681,"date":"2021-03-07T05:00:00","date_gmt":"2021-03-07T10:00:00","guid":{"rendered":"https:\/\/linitiative.ca\/International\/prophetie-ordinaire\/"},"modified":"2021-03-07T05:00:00","modified_gmt":"2021-03-07T10:00:00","slug":"prophetie-ordinaire","status":"publish","type":"post","link":"https:\/\/linitiative.ca\/International\/prophetie-ordinaire\/","title":{"rendered":"Proph\u00e9tie ordinaire"},"content":{"rendered":"<p class=\"c3\">En 1933, Hitler prend le pouvoir en Allemagne. Il organise un autodaf\u00e9. Les livres des auteurs qui s\u2019opposent \u00e0 lui sont jet\u00e9s dans un grand feu jubilatoire. Ses partisans exultaient de ce sacrifice symbolique. Et les gens de raison ont exhum\u00e9 cette vieille phrase de Heinrich Heine en guise de proph\u00e9tie : \u00abL\u00e0 o\u00f9 on commence par br\u00fbler des livres, on finit par br\u00fbler des hommes.\u00bb On a connu la suite, h\u00e9las !<br \/>L\u00e0 o\u00f9 on commence \u00e0 d\u00e9choir de la nationalit\u00e9, on finit par supprimer la vie.<br \/><em><strong>A. T.<\/strong><\/em><\/p>\n<p>Auteur:<br \/>\n<a href=\"https:\/\/www.lesoirdalgerie.com\/digoutage\/prophetie-ordinaire-57446\">Cliquez ici pour lire l&rsquo;article depuis sa source.<\/a><\/p>\n","protected":false},"excerpt":{"rendered":"<p>En 1933, Hitler prend le pouvoir en Allemagne. Il organise un autodaf\u00e9. Les livres des auteurs qui s\u2019opposent \u00e0 lui sont jet\u00e9s dans un grand feu jubilatoire. Ses partisans exultaient de ce sacrifice symbolique. Et les gens de raison ont exhum\u00e9 cette vieille phrase de Heinrich Heine en guise de proph\u00e9tie : \u00abL\u00e0 o\u00f9 on [&hellip;]<\/p>\n","protected":false},"author":1741,"featured_media":0,"comment_status":"closed","ping_status":"closed","sticky":false,"template":"","format":"standard","meta":{"fifu_image_url":"","fifu_image_alt":"","footnotes":""},"categories":[73,53],"tags":[],"class_list":["post-112681","post","type-post","status-publish","format-standard","hentry","category-actualite","category-algerie"],"_links":{"self":[{"href":"https:\/\/linitiative.ca\/International\/wp-json\/wp\/v2\/posts\/112681","targetHints":{"allow":["GET"]}}],"collection":[{"href":"https:\/\/linitiative.ca\/International\/wp-json\/wp\/v2\/posts"}],"about":[{"href":"https:\/\/linitiative.ca\/International\/wp-json\/wp\/v2\/types\/post"}],"author":[{"embeddable":true,"href":"https:\/\/linitiative.ca\/International\/wp-json\/wp\/v2\/users\/1741"}],"replies":[{"embeddable":true,"href":"https:\/\/linitiative.ca\/International\/wp-json\/wp\/v2\/comments?post=112681"}],"version-history":[{"count":0,"href":"https:\/\/linitiative.ca\/International\/wp-json\/wp\/v2\/posts\/112681\/revisions"}],"wp:attachment":[{"href":"https:\/\/linitiative.ca\/International\/wp-json\/wp\/v2\/media?parent=112681"}],"wp:term":[{"taxonomy":"category","embeddable":true,"href":"https:\/\/linitiative.ca\/International\/wp-json\/wp\/v2\/categories?post=112681"},{"taxonomy":"post_tag","embeddable":true,"href":"https:\/\/linitiative.ca\/International\/wp-json\/wp\/v2\/tags?post=112681"}],"curies":[{"name":"wp","href":"https:\/\/api.w.org\/{rel}","templated":true}]}}