{"id":112682,"date":"2021-03-07T09:26:31","date_gmt":"2021-03-07T14:26:31","guid":{"rendered":"https:\/\/linitiative.ca\/International\/cnss-trois-nouvelles-categories-eligibles-a-lindemnite-covid-19-guide\/"},"modified":"2021-03-07T09:26:31","modified_gmt":"2021-03-07T14:26:31","slug":"cnss-trois-nouvelles-categories-eligibles-a-lindemnite-covid-19-guide","status":"publish","type":"post","link":"https:\/\/linitiative.ca\/International\/cnss-trois-nouvelles-categories-eligibles-a-lindemnite-covid-19-guide\/","title":{"rendered":"CNSS : trois nouvelles cat\u00e9gories \u00e9ligibles \u00e0 l\u2019indemnit\u00e9 Covid-19 [Guide]"},"content":{"rendered":"<p><strong>La Caisse Nationale de S\u00e9curit\u00e9 Sociale (CNSS) a annonc\u00e9 que trois nouvelles cat\u00e9gories sont \u00e9ligibles aux indemnit\u00e9s Covid-19 destin\u00e9es aux entreprises impact\u00e9es par la pand\u00e9mie.<\/strong><\/p>\n<div class=\"c10\">\n<\/div>\n<p>Il s\u2019agit des salles de sports, des industries culturelles et cr\u00e9atives, ainsi que les cr\u00e8ches priv\u00e9es. Ces indemnit\u00e9s concernent les salari\u00e9s et les stagiaires faisant objet de contrats d\u2019insertion en arr\u00eat temporaire du travail et qui sont d\u00e9clar\u00e9s \u00e0 la CNSS au titre du mois de f\u00e9vrier 2020. Ces indemnit\u00e9s financ\u00e9es par le Fonds sp\u00e9cial de gestion de la pand\u00e9mie du coronavirus concernent la p\u00e9riode allant du 1<sup>er<\/sup> juillet 2020 au 31 mai 2021.<\/p>\n<p><strong>Lire aussi | <a href=\"https:\/\/www.challenge.ma\/declaration-de-la-contribution-professionnelle-unique-cpu-la-date-limite-cest-avant-le-1er-avril-2021-177245\/\" target=\"_blank\" rel=\"noreferrer noopener\">D\u00e9claration de la Contribution Professionnelle Unique (CPU) : la date limite, c\u2019est avant le 1er avril 2021<\/a><\/strong><\/p>\n<p>Ainsi, les employeurs concern\u00e9s qui souhaitent que leurs salari\u00e9s b\u00e9n\u00e9ficient de ce soutien financier doivent les d\u00e9clarer via le portail <a rel=\"noreferrer noopener\" href=\"https:\/\/covid19.cnss.ma\/index.html\" target=\"_blank\">covid19.cnss.ma<\/a> \u00e0 partir d\u2019aujourd\u2019hui et jusqu\u2019au 15 de ce mois pour la p\u00e9riode allant de juillet 2020 \u00e0 janvier 2021. Pour les mois de f\u00e9vrier et mars 2021, la d\u00e9claration va se poursuivre jusqu\u2019au 20 mars, tandis que pour les mois de d\u2019avril et mai 2021, la d\u00e9claration via le portail sera ouverte \u00e0 partir du 16 du mois concern\u00e9 et jusqu\u2019au 3 du mois qui suit.<\/p>\n<p>Auteur: challenge<br \/>\n<a href=\"https:\/\/www.challenge.ma\/cnss-trois-nouvelles-categories-eligibles-a-lindemnite-covid-19-guide-177266\/\">Cliquez ici pour lire l&rsquo;article depuis sa source.<\/a><\/p>\n","protected":false},"excerpt":{"rendered":"<p>La Caisse Nationale de S\u00e9curit\u00e9 Sociale (CNSS) a annonc\u00e9 que trois nouvelles cat\u00e9gories sont \u00e9ligibles aux indemnit\u00e9s Covid-19 destin\u00e9es aux entreprises impact\u00e9es par la pand\u00e9mie. Il s\u2019agit des salles de sports, des industries culturelles et cr\u00e9atives, ainsi que les cr\u00e8ches priv\u00e9es. Ces indemnit\u00e9s concernent les salari\u00e9s et les stagiaires faisant objet de contrats d\u2019insertion en [&hellip;]<\/p>\n","protected":false},"author":1787,"featured_media":0,"comment_status":"closed","ping_status":"closed","sticky":false,"template":"","format":"standard","meta":{"fifu_image_url":"","fifu_image_alt":"","footnotes":""},"categories":[78,54],"tags":[],"class_list":["post-112682","post","type-post","status-publish","format-standard","hentry","category-economie","category-maroc"],"_links":{"self":[{"href":"https:\/\/linitiative.ca\/International\/wp-json\/wp\/v2\/posts\/112682","targetHints":{"allow":["GET"]}}],"collection":[{"href":"https:\/\/linitiative.ca\/International\/wp-json\/wp\/v2\/posts"}],"about":[{"href":"https:\/\/linitiative.ca\/International\/wp-json\/wp\/v2\/types\/post"}],"author":[{"embeddable":true,"href":"https:\/\/linitiative.ca\/International\/wp-json\/wp\/v2\/users\/1787"}],"replies":[{"embeddable":true,"href":"https:\/\/linitiative.ca\/International\/wp-json\/wp\/v2\/comments?post=112682"}],"version-history":[{"count":0,"href":"https:\/\/linitiative.ca\/International\/wp-json\/wp\/v2\/posts\/112682\/revisions"}],"wp:attachment":[{"href":"https:\/\/linitiative.ca\/International\/wp-json\/wp\/v2\/media?parent=112682"}],"wp:term":[{"taxonomy":"category","embeddable":true,"href":"https:\/\/linitiative.ca\/International\/wp-json\/wp\/v2\/categories?post=112682"},{"taxonomy":"post_tag","embeddable":true,"href":"https:\/\/linitiative.ca\/International\/wp-json\/wp\/v2\/tags?post=112682"}],"curies":[{"name":"wp","href":"https:\/\/api.w.org\/{rel}","templated":true}]}}