{"id":112685,"date":"2021-03-07T11:36:05","date_gmt":"2021-03-07T16:36:05","guid":{"rendered":"https:\/\/linitiative.ca\/International\/redmed-finance-se-diversifie-dans-le-private-equity\/"},"modified":"2021-03-07T11:36:05","modified_gmt":"2021-03-07T16:36:05","slug":"redmed-finance-se-diversifie-dans-le-private-equity","status":"publish","type":"post","link":"https:\/\/linitiative.ca\/International\/redmed-finance-se-diversifie-dans-le-private-equity\/","title":{"rendered":"RedMed Finance se diversifie dans le private equity"},"content":{"rendered":"<p><strong>D\u00e9cid\u00e9ment, la sortie fortement attendue pour les prochaines semaines du Fonds Mohammed VI pour l\u2019Investissement, aiguise l\u2019app\u00e9tit de bon nombre d\u2019acteurs du march\u00e9 financier.<\/strong><\/p>\n<div class=\"c10\">\n<\/div>\n<p>A commencer par les sp\u00e9cialistes du Capital Investissement (private equity) qui y voient une occasion d\u2019accroitre leurs actifs sous gestion, puisque les fonds d\u2019investissement th\u00e9matiques pr\u00e9vus par la Loi n\u00b0 76-20 portant cr\u00e9ation du Fonds Mohammed VI pour l\u2019Investissement, seront tr\u00e8s vraisemblablement confi\u00e9s \u00e0 des gestionnaires priv\u00e9s et probablement ind\u00e9pendants\u2026..pour \u00e9viter les situations de conflits d\u2019int\u00e9r\u00eats dans lesquels les \u00abboutiques captives\u00bb de capital investissement (i.e. affili\u00e9es \u00e0 des groupes bancaires) se sont englu\u00e9es par le pass\u00e9 (au point de perdre la confiance de bon nombre d\u2019investisseurs \u00e9trangers). Mais d\u2019autres pr\u00e9tendants qui n\u2019avaient jusqu\u2019alors aucune exp\u00e9rience dans ce m\u00e9tier, affutent \u00e9galement leurs armes.<\/p>\n<p><strong>Lire aussi |<\/strong> <strong><a href=\"https:\/\/www.challenge.ma\/maroc-royaume-uni-une-nouvelle-route-maritime-pour-contourner-les-problemes-frontaliers-du-post-brexit-177249\/\">Maroc-Royaume-Uni : une nouvelle route maritime pour contourner les probl\u00e8mes frontaliers du post-Brexit<\/a><\/strong><\/p>\n<p>Aussi, selon des sources proches de <a href=\"http:\/\/www.ammc.ma\/\">l\u2019AMMC (Autorit\u00e9 Marocaine du March\u00e9 des Capitaux),<\/a> le groupe de services financiers <a href=\"https:\/\/www.redmedfinance.com\/team\/abdeslam-ababou\/\">RedMed Finance<\/a> serait sur le point d\u2019agr\u00e9er un OPCC (Organisme de Placement Collectif en Capital) ayant pour capital cible un milliard de dirhams. Ce v\u00e9hicule sera g\u00e9r\u00e9 par Red Med Private Equity, une filiale du groupe RedMed Finance r\u00e9cemment cr\u00e9\u00e9e. Et s\u2019il venait \u00e0 \u00eatre lev\u00e9, un tel fonds serait en ce d\u00e9but 2021 le plus grand v\u00e9hicule de private equity domicili\u00e9 au Maroc. En attendant, la banque d\u2019affaires rbatie a du pain sur la planche pour convaincre les investisseurs encore incertains, alors que jusqu\u2019\u00e0 pr\u00e9sent elle \u00e9tait surtout connue comme un acteur actif dans la gestion d\u2019OPCVM, l\u2019interm\u00e9diation boursi\u00e8re et le conseil financier.<\/p>\n<p><strong>Lire aussi | <a href=\"https:\/\/www.challenge.ma\/le-groupe-somagec-jette-leponge-pour-le-telepherique-de-tanger-176822\/\">Le groupe Somagec jette l\u2019\u00e9ponge pour le t\u00e9l\u00e9ph\u00e9rique de Tanger<\/a><\/strong><\/p>\n<p>D\u2019ailleurs, c\u2019est sur ce dernier registre que cette structure fond\u00e9e il y a une vingtaine d\u2019ann\u00e9es par Abdeslam Ababou s\u2019est fait remarquer au cours des derniers mois, en r\u00e9ussissant une lev\u00e9e de fonds pour Jet Contractors (\u00e9mission obligataire via appel public \u00e0 l\u2019\u00e9pargne de 200 millions de dirhams) et en accompagnant IPV Sant\u00e9 Animale, un des leaders historiques dans la distribution de produits v\u00e9t\u00e9rinaires, dans l\u2019ouverture de son capital au Groupe Best Financi\u00e8re.<\/p>\n<p>Auteur: challenge<br \/>\n<a href=\"https:\/\/www.challenge.ma\/redmed-finance-se-diversifie-dans-le-private-equity-176835\/\">Cliquez ici pour lire l&rsquo;article depuis sa source.<\/a><\/p>\n","protected":false},"excerpt":{"rendered":"<p>D\u00e9cid\u00e9ment, la sortie fortement attendue pour les prochaines semaines du Fonds Mohammed VI pour l\u2019Investissement, aiguise l\u2019app\u00e9tit de bon nombre d\u2019acteurs du march\u00e9 financier. A commencer par les sp\u00e9cialistes du Capital Investissement (private equity) qui y voient une occasion d\u2019accroitre leurs actifs sous gestion, puisque les fonds d\u2019investissement th\u00e9matiques pr\u00e9vus par la Loi n\u00b0 76-20 [&hellip;]<\/p>\n","protected":false},"author":1787,"featured_media":0,"comment_status":"closed","ping_status":"closed","sticky":false,"template":"","format":"standard","meta":{"fifu_image_url":"","fifu_image_alt":"","footnotes":""},"categories":[78,54],"tags":[],"class_list":["post-112685","post","type-post","status-publish","format-standard","hentry","category-economie","category-maroc"],"_links":{"self":[{"href":"https:\/\/linitiative.ca\/International\/wp-json\/wp\/v2\/posts\/112685","targetHints":{"allow":["GET"]}}],"collection":[{"href":"https:\/\/linitiative.ca\/International\/wp-json\/wp\/v2\/posts"}],"about":[{"href":"https:\/\/linitiative.ca\/International\/wp-json\/wp\/v2\/types\/post"}],"author":[{"embeddable":true,"href":"https:\/\/linitiative.ca\/International\/wp-json\/wp\/v2\/users\/1787"}],"replies":[{"embeddable":true,"href":"https:\/\/linitiative.ca\/International\/wp-json\/wp\/v2\/comments?post=112685"}],"version-history":[{"count":0,"href":"https:\/\/linitiative.ca\/International\/wp-json\/wp\/v2\/posts\/112685\/revisions"}],"wp:attachment":[{"href":"https:\/\/linitiative.ca\/International\/wp-json\/wp\/v2\/media?parent=112685"}],"wp:term":[{"taxonomy":"category","embeddable":true,"href":"https:\/\/linitiative.ca\/International\/wp-json\/wp\/v2\/categories?post=112685"},{"taxonomy":"post_tag","embeddable":true,"href":"https:\/\/linitiative.ca\/International\/wp-json\/wp\/v2\/tags?post=112685"}],"curies":[{"name":"wp","href":"https:\/\/api.w.org\/{rel}","templated":true}]}}