{"id":112692,"date":"2021-03-07T08:51:46","date_gmt":"2021-03-07T13:51:46","guid":{"rendered":"https:\/\/linitiative.ca\/International\/nouvelles-journees-de-manifs-au-senegal\/"},"modified":"2021-03-07T08:51:46","modified_gmt":"2021-03-07T13:51:46","slug":"nouvelles-journees-de-manifs-au-senegal","status":"publish","type":"post","link":"https:\/\/linitiative.ca\/International\/nouvelles-journees-de-manifs-au-senegal\/","title":{"rendered":"NOUVELLES JOURNEES DE MANIFS AU SENEGAL"},"content":{"rendered":"<div class=\"featured-area featured-area-inner\">\n<figure class=\"single-featured-image\"><img decoding=\"async\" width=\"780\" height=\"470\" src=\"https:\/\/lepays.bf\/wp-content\/uploads\/2021\/03\/SENEGAL-1-780x470.jpg\" class=\"attachment-jannah-image-post size-jannah-image-post wp-post-image\" alt=\"\" loading=\"lazy\"\/><\/figure>\n<\/div>\n<div class=\"entry-content entry clearfix\" readability=\"61\">\n<p class=\"c4\"><em>Alors que le monde entier s\u2019appr\u00eate \u00e0 rendre hommage \u00e0 la femme \u00e0 l\u2019occasion du 8-Mars, le S\u00e9n\u00e9gal\u00a0, sous tension depuis l\u2019arrestation du d\u00e9put\u00e9 Ousmane Sonko, retient son souffle. En effet, le mouvement de contestation, n\u00e9 de l\u2019interpellation du patron du PASTEF (Parti s\u00e9n\u00e9galais pour le travail, l\u2019\u00e9thique et la fraternit\u00e9) ne retombe pas. Bien au contraire, il est en train de prendre les allures d\u2019un mouvement insurrectionnel qui risque d\u2019\u00e9branler le r\u00e9gime de Macky\u00a0 Sall. A preuve, apr\u00e8s les violences qui ont \u00e9maill\u00e9 la semaine derni\u00e8re et qui ont laiss\u00e9 deux morts sur le carreau, le Mouvement pour la d\u00e9fense de la d\u00e9mocratie (MDD), ainsi s\u2019appelle-t-il d\u00e9sormais, appelle \u00e0 de nouvelles journ\u00e9es de manifestation sur toute l\u2019\u00e9tendue du territoire national et ce,\u00a0 pour trois jours d\u2019affil\u00e9e. Il exige non seulement la lib\u00e9ration de Ousmane Sonko poursuivi pour viol et troubles \u00e0 l\u2019ordre public, mais aussi celle de tous les prisonniers politiques. Allusion faite au maire de Dakar, Khalifa Sall en prison pour d\u00e9tournements de deniers publics, et \u00e0 Karim Wade condamn\u00e9 pour les m\u00eames raisons et qui a \u00e9t\u00e9 contraint \u00e0 l\u2019exil. Et ce n\u2019est pas tout. Le MDD exige l\u2019ouverture d\u2019une enqu\u00eate devant permettre d\u2019identifier tous ceux-l\u00e0 qui sont impliqu\u00e9s dans l\u2019\u00a0\u00ab\u00a0orchestration de la cabale\u00a0\u00bb dirig\u00e9e contre Ousmane Sonko aux fins de nuire \u00e0 sa carri\u00e8re politique. Pendant ce temps, les appels au calme se multiplient du c\u00f4t\u00e9 de la majorit\u00e9 pr\u00e9sidentielle. La derni\u00e8re sortie en date est celle de l\u2019ex-opposant Idrissa Seick qui se propose m\u00eame de jouer les m\u00e9diateurs \u00e0 condition que le sieur Sonko calme le jeu en appelant ses ouailles \u00e0 renoncer \u00e0 la rue. Sera-t-il entendu\u00a0? Rien n\u2019est moins s\u00fbr. D\u2019autant que peu avant Idrissa Seick, des religieux, on s\u2019en souvient, avaient tent\u00e9 une m\u00e9diation mais cela n\u2019a pas emp\u00each\u00e9 l\u2019arrestation du natif de Thi\u00e8s que d\u2019aucuns pr\u00e9sentent comme l\u2019adversaire politique de taille de Macky Sall. Cela dit, il faut craindre le pire pour le S\u00e9n\u00e9gal. Car \u00e0 l\u2019allure o\u00f9 vont les choses, tout porte \u00e0 croire que l\u2019on va vers une radicalisation des positions qui pourrait \u00eatre pr\u00e9judiciable \u00e0 la paix et \u00e0 la coh\u00e9sion sociale. Faut-il, pour autant, consacrer l\u2019impunit\u00e9 \u00e0 Ousmane Sonko si tant est qu\u2019il se soit rendu coupable de viol\u00a0? Assur\u00e9ment non. C\u2019est pourquoi la Justice doit pouvoir se mettre au-dessus de la m\u00eal\u00e9e et travailler en toute ind\u00e9pendance afin que toute\u00a0 la lumi\u00e8re soit faite sur cette affaire de viol pr\u00e9sum\u00e9 qui est en train de devenir une affaire d\u2019Etat. S\u2019il s\u2019av\u00e8re que le d\u00e9put\u00e9 est coupable de ce dont on l\u2019accuse, qu\u2019il soit condamn\u00e9. Si \u00e0 l\u2019issue de l\u2019enqu\u00eate, les faits ne sont pas \u00e9tablis de sorte \u00e0 confondre le mis en cause, qu\u2019il soit relax\u00e9.<\/em><\/p>\n<p class=\"c6\"><strong><em>B.O<\/em><\/strong><\/p>\n<\/div>\n<p>Auteur: Editions LEPAYS<br \/>\n<a href=\"https:\/\/lepays.bf\/nouvelles-journees-de-manifs-au-senegal\/\">Cliquez ici pour lire l&rsquo;article depuis sa source.<\/a><\/p>\n","protected":false},"excerpt":{"rendered":"<p>Alors que le monde entier s\u2019appr\u00eate \u00e0 rendre hommage \u00e0 la femme \u00e0 l\u2019occasion du 8-Mars, le S\u00e9n\u00e9gal\u00a0, sous tension depuis l\u2019arrestation du d\u00e9put\u00e9 Ousmane Sonko, retient son souffle. En effet, le mouvement de contestation, n\u00e9 de l\u2019interpellation du patron du PASTEF (Parti s\u00e9n\u00e9galais pour le travail, l\u2019\u00e9thique et la fraternit\u00e9) ne retombe pas. Bien [&hellip;]<\/p>\n","protected":false},"author":1813,"featured_media":0,"comment_status":"closed","ping_status":"closed","sticky":false,"template":"","format":"standard","meta":{"fifu_image_url":"https:\/\/lepays.bf\/wp-content\/uploads\/2021\/03\/SENEGAL-1-780x470.jpg","fifu_image_alt":"NOUVELLES JOURNEES DE MANIFS AU SENEGAL","footnotes":""},"categories":[73,81],"tags":[],"class_list":["post-112692","post","type-post","status-publish","format-standard","hentry","category-actualite","category-burkina-faso"],"_links":{"self":[{"href":"https:\/\/linitiative.ca\/International\/wp-json\/wp\/v2\/posts\/112692","targetHints":{"allow":["GET"]}}],"collection":[{"href":"https:\/\/linitiative.ca\/International\/wp-json\/wp\/v2\/posts"}],"about":[{"href":"https:\/\/linitiative.ca\/International\/wp-json\/wp\/v2\/types\/post"}],"author":[{"embeddable":true,"href":"https:\/\/linitiative.ca\/International\/wp-json\/wp\/v2\/users\/1813"}],"replies":[{"embeddable":true,"href":"https:\/\/linitiative.ca\/International\/wp-json\/wp\/v2\/comments?post=112692"}],"version-history":[{"count":0,"href":"https:\/\/linitiative.ca\/International\/wp-json\/wp\/v2\/posts\/112692\/revisions"}],"wp:attachment":[{"href":"https:\/\/linitiative.ca\/International\/wp-json\/wp\/v2\/media?parent=112692"}],"wp:term":[{"taxonomy":"category","embeddable":true,"href":"https:\/\/linitiative.ca\/International\/wp-json\/wp\/v2\/categories?post=112692"},{"taxonomy":"post_tag","embeddable":true,"href":"https:\/\/linitiative.ca\/International\/wp-json\/wp\/v2\/tags?post=112692"}],"curies":[{"name":"wp","href":"https:\/\/api.w.org\/{rel}","templated":true}]}}