{"id":112693,"date":"2021-03-07T06:18:18","date_gmt":"2021-03-07T11:18:18","guid":{"rendered":"https:\/\/linitiative.ca\/International\/football-les-matchs-internationaux-du-burkina-delocalises-communique-fbf\/"},"modified":"2021-03-07T06:18:18","modified_gmt":"2021-03-07T11:18:18","slug":"football-les-matchs-internationaux-du-burkina-delocalises-communique-fbf","status":"publish","type":"post","link":"https:\/\/linitiative.ca\/International\/football-les-matchs-internationaux-du-burkina-delocalises-communique-fbf\/","title":{"rendered":"Football : Les matchs internationaux du Burkina d\u00e9localis\u00e9s. (Communiqu\u00e9\/FBF)"},"content":{"rendered":"<div class=\"td-post-featured-image\"><a href=\"https:\/\/www.sidwaya.info\/wp-content\/uploads\/2021\/03\/telechargement-1-2.jpg\" data-caption=\"\"><img loading=\"lazy\" decoding=\"async\" width=\"259\" height=\"194\" class=\"entry-thumb td-modal-image\" src=\"https:\/\/www.sidwaya.info\/wp-content\/uploads\/2021\/03\/telechargement-1-2.jpg\" srcset=\"https:\/\/www.sidwaya.info\/wp-content\/uploads\/2021\/03\/telechargement-1-2.jpg 259w, https:\/\/www.sidwaya.info\/wp-content\/uploads\/2021\/03\/telechargement-1-2-150x112.jpg 150w, https:\/\/www.sidwaya.info\/wp-content\/uploads\/2021\/03\/telechargement-1-2-80x60.jpg 80w\" sizes=\"auto, (max-width: 259px) 100vw, 259px\" alt=\"\" title=\"t\u00e9l\u00e9chargement (1)\"\/><\/a><\/div>\n<p>Compte tenu de l\u2019impossibilit\u00e9 du stade du 4-Ao\u00fbt \u00e0 recevoir les matchs des comp\u00e9titions internationales organis\u00e9es par la Conf\u00e9d\u00e9ration africaine de football (CAF), la F\u00e9d\u00e9ration Burkinab\u00e8 de de Football a explor\u00e9 des pays de la sous r\u00e9gion pouvant servir de terre d\u2019accueil des \u00e9quipes et clubs nationaux. C\u2019est ainsi qu\u2019\u00e0 l\u2019issue des \u00e9changes avec des f\u00e9d\u00e9rations s\u0153urs, les villes suivantes ont \u00e9t\u00e9 retenues:<\/p>\n<p>\u2013 Les Etalons recevront les Bright Stars du Soudan du Sud au stade Lat-Dior de Thi\u00e8s du S\u00e9n\u00e9gal le 29 mars prochain lors de la 6e et derni\u00e8re journ\u00e9e des \u00e9liminatoires de la CAN 2021.<\/p>\n<p>\u2013 SALITAS FC, qualifi\u00e9 en phase de poule de la Coupe CAF, recevra ses adversaires du groupe C \u00e0 Abidjan en C\u00f4te d\u2019Ivoire.<\/p>\n<div class=\"o9v6fnle cxmmr5t8 oygrvhab hcukyx3x c1et5uql ii04i59q\" readability=\"11\">\n<p>La F\u00e9d\u00e9ration Burkinab\u00e8 de Football, de concert avec le minist\u00e8re des Sports et des Loisirs, prendra toutes les dispositions n\u00e9cessaires pour que ces matchs internationaux se d\u00e9roulent dans les meilleurs conditions.<\/p>\n<div dir=\"auto\"><img decoding=\"async\" loading=\"lazy\" class=\"alignnone wp-image-33110\" src=\"https:\/\/www.sidwaya.info\/wp-content\/uploads\/2021\/03\/telechargement.jpg\" alt=\"\" width=\"442\" height=\"294\" srcset=\"https:\/\/www.sidwaya.info\/wp-content\/uploads\/2021\/03\/telechargement.jpg 275w, https:\/\/www.sidwaya.info\/wp-content\/uploads\/2021\/03\/telechargement-150x100.jpg 150w\" sizes=\"auto, (max-width: 442px) 100vw, 442px\"\/><\/div>\n<\/div>\n<p>La FBF rassure \u00e9galement le public sportif burkinab\u00e8 que les dispositions sont prises pour que le stade 4-Ao\u00fbt soit rapidement disponible. Elle s\u2019excuse par avance pour ces rendez-vous manqu\u00e9s avec les amoureux du Fasofoot.<\/p>\n<div class=\"o9v6fnle cxmmr5t8 oygrvhab hcukyx3x c1et5uql ii04i59q\" readability=\"7\">\n<p>Le porte-parole de la FBF<\/p>\n<p>Abdoul Kader KONAT\u00c9<\/p>\n<\/div>\n<div class=\"td-a-rec td-a-rec-id-content_bottom tdi_33_094 td_block_template_1\">\n<p><img loading=\"lazy\" decoding=\"async\" class=\"aligncenter size-full wp-image-27454\" src=\"https:\/\/www.sidwaya.info\/wp-content\/uploads\/2020\/10\/PUB-Bandeau-paiement-mobile-siteweb.jpg\" alt=\"\" width=\"728\" height=\"90\"\/><\/div>\n<p>Auteur: Wamini SIDWAYA<br \/>\n<a href=\"https:\/\/www.sidwaya.info\/blog\/2021\/03\/07\/football-les-matchs-internationaux-du-burkina-delocalises-communique-fbf\/\">Cliquez ici pour lire l&rsquo;article depuis sa source.<\/a><\/p>\n","protected":false},"excerpt":{"rendered":"<p>Compte tenu de l\u2019impossibilit\u00e9 du stade du 4-Ao\u00fbt \u00e0 recevoir les matchs des comp\u00e9titions internationales organis\u00e9es par la Conf\u00e9d\u00e9ration africaine de football (CAF), la F\u00e9d\u00e9ration Burkinab\u00e8 de de Football a explor\u00e9 des pays de la sous r\u00e9gion pouvant servir de terre d\u2019accueil des \u00e9quipes et clubs nationaux. C\u2019est ainsi qu\u2019\u00e0 l\u2019issue des \u00e9changes avec des [&hellip;]<\/p>\n","protected":false},"author":1816,"featured_media":0,"comment_status":"closed","ping_status":"closed","sticky":false,"template":"","format":"standard","meta":{"fifu_image_url":"https:\/\/www.sidwaya.info\/wp-content\/uploads\/2021\/03\/telechargement-1-2.jpg","fifu_image_alt":"Football : Les matchs internationaux du Burkina d\u00e9localis\u00e9s. (Communiqu\u00e9\/FBF)","footnotes":""},"categories":[73,81],"tags":[],"class_list":["post-112693","post","type-post","status-publish","format-standard","hentry","category-actualite","category-burkina-faso"],"_links":{"self":[{"href":"https:\/\/linitiative.ca\/International\/wp-json\/wp\/v2\/posts\/112693","targetHints":{"allow":["GET"]}}],"collection":[{"href":"https:\/\/linitiative.ca\/International\/wp-json\/wp\/v2\/posts"}],"about":[{"href":"https:\/\/linitiative.ca\/International\/wp-json\/wp\/v2\/types\/post"}],"author":[{"embeddable":true,"href":"https:\/\/linitiative.ca\/International\/wp-json\/wp\/v2\/users\/1816"}],"replies":[{"embeddable":true,"href":"https:\/\/linitiative.ca\/International\/wp-json\/wp\/v2\/comments?post=112693"}],"version-history":[{"count":0,"href":"https:\/\/linitiative.ca\/International\/wp-json\/wp\/v2\/posts\/112693\/revisions"}],"wp:attachment":[{"href":"https:\/\/linitiative.ca\/International\/wp-json\/wp\/v2\/media?parent=112693"}],"wp:term":[{"taxonomy":"category","embeddable":true,"href":"https:\/\/linitiative.ca\/International\/wp-json\/wp\/v2\/categories?post=112693"},{"taxonomy":"post_tag","embeddable":true,"href":"https:\/\/linitiative.ca\/International\/wp-json\/wp\/v2\/tags?post=112693"}],"curies":[{"name":"wp","href":"https:\/\/api.w.org\/{rel}","templated":true}]}}