{"id":112694,"date":"2021-03-06T23:18:02","date_gmt":"2021-03-07T04:18:02","guid":{"rendered":"https:\/\/linitiative.ca\/International\/meteo-la-cote-divoire-connait-une-vague-de-chaleur\/"},"modified":"2021-03-06T23:18:02","modified_gmt":"2021-03-07T04:18:02","slug":"meteo-la-cote-divoire-connait-une-vague-de-chaleur","status":"publish","type":"post","link":"https:\/\/linitiative.ca\/International\/meteo-la-cote-divoire-connait-une-vague-de-chaleur\/","title":{"rendered":"M\u00e9t\u00e9o: la C\u00f4te d\u2019Ivoire conna\u00eet une vague de chaleur"},"content":{"rendered":"<div readability=\"32\">\n<p>Publi\u00e9 le 07.03.2021 \u00e0 05h18 par APA News<\/p>\n<\/div>\n<div readability=\"84\">\n<p>Les mois de f\u00e9vrier et mars en C\u00f4te d\u2019Ivoire sont les plus chauds, ce qui engendre actuellement une vague de chaleur dans le pays, indique une note de la Soci\u00e9t\u00e9 d\u2019exploitation de d\u00e9veloppement a\u00e9roportuaire, a\u00e9ronautique, m\u00e9t\u00e9o (Sodexam).<\/p>\n<p>Sur la p\u00e9riode du 8 au 15 mars 2021, de fortes chaleurs persistent sur l\u2019Afrique du nord et le sud-ouest Sahel, pr\u00e9cise la Sodexam qui rel\u00e8ve que \u00ab\u00a0les temp\u00e9ratures restent au-dessus de la moyenne climatique au Nord et au Centre-Nord de la Cote d\u2019Ivoire\u00a0\u00bb.<\/p>\n<p>Ces fortes chaleurs sur le pays sont des ph\u00e9nom\u00e8nes cycliques, mentionne la Sodexam. De ce fait, durant les mois de f\u00e9vrier et mars, le rayonnement solaire est quasi direct et le ciel peu nuageux sur l\u2019ensemble du pays.\u00a0<\/p>\n<p>Ce rayonnement ajout\u00e9 \u00e0 la circulation atmosph\u00e9rique favorise des \u00e9l\u00e9vations de temp\u00e9rature sur le pays, rel\u00e8ve cet organisme, qui pr\u00e9vient que ces fortes chaleurs seront aussi r\u00e9gul\u00e9es par les pluies orageuses pr\u00e9vues sur la C\u00f4te d\u2019Ivoire. \u00a0<\/p>\n<p>En fonction de la position g\u00e9ographique, des villes devraient conna\u00eetre des rayonnements solaires relativement diff\u00e9rents. Les temp\u00e9ratures maximales pour le District d\u2019Abidjan devraient afficher des tendances sup\u00e9rieures \u00e0 37\u00b0C.<\/p>\n<p>La ville de Bouak\u00e9, dans le centre du pays, elle conna\u00eftra pour ces mois de f\u00e9vrier et mars des temp\u00e9ratures sup\u00e9rieures \u00e0 38\u00b0C. C<\/p>\n<p>ette vague de chaleur pourrait engendrer une forte consommation d\u2019\u00e9lectricit\u00e9, d\u2019eau et de carburant etc.<\/p>\n<p>La Sodexam est une soci\u00e9t\u00e9 d\u2019\u00c9tat, charg\u00e9e de la gestion, de l\u2019exploitation et du d\u00e9veloppement des a\u00e9roports, de la m\u00e9t\u00e9orologie et des activit\u00e9s a\u00e9ronautiques en C\u00f4te d\u2019Ivoire.<\/p>\n<p>La structure est \u00e9galement charg\u00e9e de toutes op\u00e9rations industrielles, commerciales, mobili\u00e8res, immobili\u00e8res et financi\u00e8res permettant de d\u00e9velopper les 15 a\u00e9roports et les 14 stations m\u00e9t\u00e9orologiques de l\u2019int\u00e9rieur du pays.\u00a0<\/p>\n<\/div>\n<p>Auteur: APA News<br \/>\n<a href=\"https:\/\/www.journalducameroun.com\/meteo-la-cote-divoire-connait-une-vague-de-chaleur\/\">Cliquez ici pour lire l&rsquo;article depuis sa source.<\/a><\/p>\n","protected":false},"excerpt":{"rendered":"<p>Publi\u00e9 le 07.03.2021 \u00e0 05h18 par APA News Les mois de f\u00e9vrier et mars en C\u00f4te d\u2019Ivoire sont les plus chauds, ce qui engendre actuellement une vague de chaleur dans le pays, indique une note de la Soci\u00e9t\u00e9 d\u2019exploitation de d\u00e9veloppement a\u00e9roportuaire, a\u00e9ronautique, m\u00e9t\u00e9o (Sodexam). Sur la p\u00e9riode du 8 au 15 mars 2021, de [&hellip;]<\/p>\n","protected":false},"author":1965,"featured_media":0,"comment_status":"closed","ping_status":"closed","sticky":false,"template":"","format":"standard","meta":{"fifu_image_url":"","fifu_image_alt":"","footnotes":""},"categories":[73,82],"tags":[],"class_list":["post-112694","post","type-post","status-publish","format-standard","hentry","category-actualite","category-cameroun"],"_links":{"self":[{"href":"https:\/\/linitiative.ca\/International\/wp-json\/wp\/v2\/posts\/112694","targetHints":{"allow":["GET"]}}],"collection":[{"href":"https:\/\/linitiative.ca\/International\/wp-json\/wp\/v2\/posts"}],"about":[{"href":"https:\/\/linitiative.ca\/International\/wp-json\/wp\/v2\/types\/post"}],"author":[{"embeddable":true,"href":"https:\/\/linitiative.ca\/International\/wp-json\/wp\/v2\/users\/1965"}],"replies":[{"embeddable":true,"href":"https:\/\/linitiative.ca\/International\/wp-json\/wp\/v2\/comments?post=112694"}],"version-history":[{"count":0,"href":"https:\/\/linitiative.ca\/International\/wp-json\/wp\/v2\/posts\/112694\/revisions"}],"wp:attachment":[{"href":"https:\/\/linitiative.ca\/International\/wp-json\/wp\/v2\/media?parent=112694"}],"wp:term":[{"taxonomy":"category","embeddable":true,"href":"https:\/\/linitiative.ca\/International\/wp-json\/wp\/v2\/categories?post=112694"},{"taxonomy":"post_tag","embeddable":true,"href":"https:\/\/linitiative.ca\/International\/wp-json\/wp\/v2\/tags?post=112694"}],"curies":[{"name":"wp","href":"https:\/\/api.w.org\/{rel}","templated":true}]}}