{"id":112695,"date":"2021-03-06T23:18:13","date_gmt":"2021-03-07T04:18:13","guid":{"rendered":"https:\/\/linitiative.ca\/International\/la-sodeci-fait-don-de-kits-medicaux-a-un-centre-de-sante-a-seguela\/"},"modified":"2021-03-06T23:18:13","modified_gmt":"2021-03-07T04:18:13","slug":"la-sodeci-fait-don-de-kits-medicaux-a-un-centre-de-sante-a-seguela","status":"publish","type":"post","link":"https:\/\/linitiative.ca\/International\/la-sodeci-fait-don-de-kits-medicaux-a-un-centre-de-sante-a-seguela\/","title":{"rendered":"La Sodeci fait don de kits m\u00e9dicaux \u00e0 un centre de sant\u00e9 \u00e0 S\u00e9gu\u00e9la"},"content":{"rendered":"<div readability=\"32\">\n<p>Publi\u00e9 le 07.03.2021 \u00e0 05h18 par APA News<\/p>\n<\/div>\n<div readability=\"114\">\n<p>En vue d\u2019une meilleure prise en charge des patients, la Soci\u00e9t\u00e9 de distribution d\u2019eau de C\u00f4te d\u2019Ivoire (Sodeci) a offert, il y a quelques jours, des \u00e9quipements m\u00e9dicaux au centre urbain Dominique Ouattara de S\u00e9gu\u00e9la, dans le nord-ouest du pays, selon une note de l\u2019entreprise.<\/p>\n<p>\u00ab Cette initiative s\u2019inscrit dans la mise en \u0153uvre de la politique RSE (Responsabilit\u00e9 soci\u00e9tale de l\u2019entreprise) portant entre autre sur notre implication dans la communaut\u00e9 et le d\u00e9veloppement local \u00bb a d\u00e9clar\u00e9 le directeur g\u00e9n\u00e9ral de la Sodeci, Ahmadou Bakayoko. \u00a0<\/p>\n<p>Ce soutien \u00e0 l\u2019endroit du centre de sant\u00e9 de S\u00e9gu\u00e9la se veut une initiative qui traduit l\u2019engagement de l\u2019entreprise en faveur du bien-\u00eatre des populations partout en Cote d\u2019Ivoire, \u00e0 l\u2019instar de toutes les actions sociales et citoyennes de la soci\u00e9t\u00e9. \u00a0<\/p>\n<p>La soci\u00e9t\u00e9 a apport\u00e9 une contribution en mat\u00e9riels m\u00e9dicaux s\u2019\u00e9levant \u00e0 hauteur de 4 793 000 FCFA pour soutenir le fonctionnement de cet \u00e9tablissement de sant\u00e9, tout en \u00a0r\u00e9pondant aux attentes des parties prenantes.<\/p>\n<p>Ce don est constitu\u00e9 de bo\u00eetes d\u2019accouchements compl\u00e8tes, de boites de pansement, aspiration de mucosite (b\u00e9b\u00e9-enfant), de tensiom\u00e8tres \u00e9lectriques, de tensiom\u00e8tres st\u00e9thoscopes, de thermom\u00e8tres infrarouges, de p\u00e8se personne, de \u00a0p\u00e8se b\u00e9b\u00e9 et d\u2019\u00e9cho doppler.<\/p>\n<p>Il comprend \u00e9galement des lampes chauffantes, paravents 3 volets, des agitateurs d\u2019h\u00e9moglobine, des embouts bleu P\/500, embouts jaune P\/1000, des tubes \u00e0 h\u00e9molyse P\/500, tubes rouges P\/100, tubes violets P\/100, tubes gris P\/100, diluants URIT 20 L, Lyse URIT et Rinse URIT.\u00a0<\/p>\n<p>M. Ahmadou Bakayoko avait \u00e0 ses c\u00f4t\u00e9s une d\u00e9l\u00e9gation de la soci\u00e9t\u00e9, compos\u00e9e du directeur de l\u2019exploitation int\u00e9rieur, du directeur r\u00e9gional, du sous- directeur RSE et des \u00e9quipes en charge de la communication.<\/p>\n<p>Le directeur d\u00e9partemental de la sant\u00e9, Dr V\u00e9 Bl\u00e9 J\u00e9r\u00f4me, apr\u00e8s avoir r\u00e9ceptionn\u00e9 le mat\u00e9riel, a exprim\u00e9 toute sa gratitude et sa reconnaissance \u00e0 la Soci\u00e9t\u00e9 de distributrice d\u2019eau de C\u00f4te d\u2019Ivoire.\u00a0<\/p>\n<p>Ces \u00e9quipements visent notamment \u00e0 l\u2019am\u00e9lioration des conditions de vie des populations, \u00e0 contribuer \u00e0 la bonne sant\u00e9 des populations, et \u00e0 favoriser les soins de \u00a0proximit\u00e9 avec la population.\u00a0<\/p>\n<p>Des autorit\u00e9s administratives et politiques de la ville ont aussi pris part \u00e0 la c\u00e9r\u00e9monie de remise des dons, parmi lesquelles le pr\u00e9fet de S\u00e9gu\u00e9la Karim Diarrassouba et le pr\u00e9sident du Conseil r\u00e9gional du Worodougou, Boik\u00e9 Fofana. \u00a0<\/p>\n<p>Le maire de la cit\u00e9, Diomand\u00e9 Lancina, a \u00e9galement particip\u00e9 \u00e0 la c\u00e9r\u00e9monie, ainsi que le directeur r\u00e9gional de la Sant\u00e9, Dr Brou Gbotto Raymond, le directeur d\u00e9partemental de la sant\u00e9 et le directeur du CHR de S\u00e9gu\u00e9la Konat\u00e9 Pelaya Moussa.\u00a0<\/p>\n<\/div>\n<p>Auteur: APA News<br \/>\n<a href=\"https:\/\/www.journalducameroun.com\/la-sodeci-fait-don-de-kits-medicaux-a-un-centre-de-sante-a-seguela\/\">Cliquez ici pour lire l&rsquo;article depuis sa source.<\/a><\/p>\n","protected":false},"excerpt":{"rendered":"<p>Publi\u00e9 le 07.03.2021 \u00e0 05h18 par APA News En vue d\u2019une meilleure prise en charge des patients, la Soci\u00e9t\u00e9 de distribution d\u2019eau de C\u00f4te d\u2019Ivoire (Sodeci) a offert, il y a quelques jours, des \u00e9quipements m\u00e9dicaux au centre urbain Dominique Ouattara de S\u00e9gu\u00e9la, dans le nord-ouest du pays, selon une note de l\u2019entreprise. \u00ab Cette [&hellip;]<\/p>\n","protected":false},"author":1965,"featured_media":0,"comment_status":"closed","ping_status":"closed","sticky":false,"template":"","format":"standard","meta":{"fifu_image_url":"","fifu_image_alt":"","footnotes":""},"categories":[73,82],"tags":[],"class_list":["post-112695","post","type-post","status-publish","format-standard","hentry","category-actualite","category-cameroun"],"_links":{"self":[{"href":"https:\/\/linitiative.ca\/International\/wp-json\/wp\/v2\/posts\/112695","targetHints":{"allow":["GET"]}}],"collection":[{"href":"https:\/\/linitiative.ca\/International\/wp-json\/wp\/v2\/posts"}],"about":[{"href":"https:\/\/linitiative.ca\/International\/wp-json\/wp\/v2\/types\/post"}],"author":[{"embeddable":true,"href":"https:\/\/linitiative.ca\/International\/wp-json\/wp\/v2\/users\/1965"}],"replies":[{"embeddable":true,"href":"https:\/\/linitiative.ca\/International\/wp-json\/wp\/v2\/comments?post=112695"}],"version-history":[{"count":0,"href":"https:\/\/linitiative.ca\/International\/wp-json\/wp\/v2\/posts\/112695\/revisions"}],"wp:attachment":[{"href":"https:\/\/linitiative.ca\/International\/wp-json\/wp\/v2\/media?parent=112695"}],"wp:term":[{"taxonomy":"category","embeddable":true,"href":"https:\/\/linitiative.ca\/International\/wp-json\/wp\/v2\/categories?post=112695"},{"taxonomy":"post_tag","embeddable":true,"href":"https:\/\/linitiative.ca\/International\/wp-json\/wp\/v2\/tags?post=112695"}],"curies":[{"name":"wp","href":"https:\/\/api.w.org\/{rel}","templated":true}]}}