{"id":112696,"date":"2021-03-07T04:50:17","date_gmt":"2021-03-07T09:50:17","guid":{"rendered":"https:\/\/linitiative.ca\/International\/cameroun-lancien-directeur-general-de-la-sodecoton-iya-mohammed-dement-etre-lie-au-mouvement-rebelle-mlc\/"},"modified":"2021-03-07T04:50:17","modified_gmt":"2021-03-07T09:50:17","slug":"cameroun-lancien-directeur-general-de-la-sodecoton-iya-mohammed-dement-etre-lie-au-mouvement-rebelle-mlc","status":"publish","type":"post","link":"https:\/\/linitiative.ca\/International\/cameroun-lancien-directeur-general-de-la-sodecoton-iya-mohammed-dement-etre-lie-au-mouvement-rebelle-mlc\/","title":{"rendered":"Cameroun : l\u2019ancien directeur g\u00e9n\u00e9ral de la Sodecoton, Iya Mohammed, d\u00e9ment \u00eatre li\u00e9 au mouvement rebelle MLC"},"content":{"rendered":"<div readability=\"32\">\n<p>Publi\u00e9 le 07.03.2021 \u00e0 10h50 par JournalduCameroun.com<\/p>\n<\/div>\n<div readability=\"57\">\n<h2 class=\"c9\">Ce groupe d\u2019insurg\u00e9s avait d\u00e9clar\u00e9 agir pour les int\u00e9r\u00eats d\u2019anciens hauts responsables aujourd\u2019hui en incarc\u00e9r\u00e9s.<\/h2>\n<p class=\"c10\">Par la voie de son avocat, l\u2019ancien directeur g\u00e9n\u00e9ral de la Soci\u00e9t\u00e9 de d\u00e9veloppement du coton (Sodecoton) a tenu \u00e0 ne pas \u00eatre associ\u00e9 au <strong>Mouvement pour la lib\u00e9ration du Cameroun<\/strong> (MLC), un groupe rebelle connu depuis quelques mois \u00e0 travers des vid\u00e9os post\u00e9es sur les r\u00e9seaux sociaux et qui assure vouloir d\u00e9poser le pr\u00e9sident Paul Biya.<\/p>\n<p class=\"c10\"><strong>Iya Mohammed<\/strong> <em>\u00ab\u00a0n\u2019est ni de pr\u00e8s, ni de loin m\u00eal\u00e9 aux activit\u00e9s de cette entit\u00e9 dont il d\u00e9couvre l\u2019existence\u00a0\u00bb<\/em>, fait savoir \u00e0 son avocat \u00e0 travers un d\u00e9menti ce 6 mars. <em>\u00ab\u00a0Les all\u00e9gations de relatives au statut de \u2018leader\u2019 affubl\u00e9 faussement \u00e0 Iya Mohammed sont totalement infond\u00e9es et constituent d\u00e8s lors de simples affabulations v\u00e9hicul\u00e9es vraisemblablement \u00e0 des fins inavou\u00e9es\u00a0\u00bb,<\/em> poursuit le conseil de celui qui fut par ailleurs pr\u00e9sident de la F\u00e9d\u00e9ration camerounaise de football (Fecafoot).<\/p>\n<p class=\"c10\">Ce d\u00e9menti intervient quelques jours apr\u00e8s la diffusion d\u2019une vid\u00e9o o\u00f9 le leader du MLC d\u00e9voilait ses intentions. Il affirmait alors d\u00e9fendre la cause de personnes \u00e0 l\u2019instar d\u2019Iya Mohammed, de l\u2019ancien ministre Marafa Hamidou Yaya (lui aussi incarc\u00e9r\u00e9) ou encore du mouvement 10 millions de nordistes. Ce dernier s\u2019est aussi distanci\u00e9 de ce parrainage.<\/p>\n<p class=\"c10\">Arr\u00eat\u00e9 en 2013 sous des accusations de d\u00e9tournement de deniers publics \u00e0 la Sodecoton, Iya Mohammed, alors pr\u00e9sident de la Fecafoot \u00e9galement, a \u00e9t\u00e9 condamn\u00e9 en 2017 \u00e0 15 ans de prison.<\/p>\n<\/div>\n<p>Auteur: journalducameroun<br \/>\n<a href=\"https:\/\/www.journalducameroun.com\/cameroun-lancien-directeur-general-de-la-sodecoton-iya-mohammed-dement-etre-lie-au-mouvement-rebelle-mlc-cameroun\/\">Cliquez ici pour lire l&rsquo;article depuis sa source.<\/a><\/p>\n","protected":false},"excerpt":{"rendered":"<p>Publi\u00e9 le 07.03.2021 \u00e0 10h50 par JournalduCameroun.com Ce groupe d\u2019insurg\u00e9s avait d\u00e9clar\u00e9 agir pour les int\u00e9r\u00eats d\u2019anciens hauts responsables aujourd\u2019hui en incarc\u00e9r\u00e9s. Par la voie de son avocat, l\u2019ancien directeur g\u00e9n\u00e9ral de la Soci\u00e9t\u00e9 de d\u00e9veloppement du coton (Sodecoton) a tenu \u00e0 ne pas \u00eatre associ\u00e9 au Mouvement pour la lib\u00e9ration du Cameroun (MLC), un [&hellip;]<\/p>\n","protected":false},"author":1965,"featured_media":0,"comment_status":"closed","ping_status":"closed","sticky":false,"template":"","format":"standard","meta":{"fifu_image_url":"","fifu_image_alt":"","footnotes":""},"categories":[73,82],"tags":[],"class_list":["post-112696","post","type-post","status-publish","format-standard","hentry","category-actualite","category-cameroun"],"_links":{"self":[{"href":"https:\/\/linitiative.ca\/International\/wp-json\/wp\/v2\/posts\/112696","targetHints":{"allow":["GET"]}}],"collection":[{"href":"https:\/\/linitiative.ca\/International\/wp-json\/wp\/v2\/posts"}],"about":[{"href":"https:\/\/linitiative.ca\/International\/wp-json\/wp\/v2\/types\/post"}],"author":[{"embeddable":true,"href":"https:\/\/linitiative.ca\/International\/wp-json\/wp\/v2\/users\/1965"}],"replies":[{"embeddable":true,"href":"https:\/\/linitiative.ca\/International\/wp-json\/wp\/v2\/comments?post=112696"}],"version-history":[{"count":0,"href":"https:\/\/linitiative.ca\/International\/wp-json\/wp\/v2\/posts\/112696\/revisions"}],"wp:attachment":[{"href":"https:\/\/linitiative.ca\/International\/wp-json\/wp\/v2\/media?parent=112696"}],"wp:term":[{"taxonomy":"category","embeddable":true,"href":"https:\/\/linitiative.ca\/International\/wp-json\/wp\/v2\/categories?post=112696"},{"taxonomy":"post_tag","embeddable":true,"href":"https:\/\/linitiative.ca\/International\/wp-json\/wp\/v2\/tags?post=112696"}],"curies":[{"name":"wp","href":"https:\/\/api.w.org\/{rel}","templated":true}]}}