{"id":112698,"date":"2021-03-07T09:02:01","date_gmt":"2021-03-07T14:02:01","guid":{"rendered":"https:\/\/linitiative.ca\/International\/2-milliards-pour-rehabiliter-le-marche-central-de-bafoussam\/"},"modified":"2021-03-07T09:02:01","modified_gmt":"2021-03-07T14:02:01","slug":"2-milliards-pour-rehabiliter-le-marche-central-de-bafoussam","status":"publish","type":"post","link":"https:\/\/linitiative.ca\/International\/2-milliards-pour-rehabiliter-le-marche-central-de-bafoussam\/","title":{"rendered":"2 milliards pour r\u00e9habiliter le march\u00e9 central de Bafoussam"},"content":{"rendered":"<p>Les commer\u00e7ants du march\u00e9 A de Bafoussam pourront apr\u00e8s quinze mois, s\u2019adapter au nouveau d\u00e9cor de cet espace jadis \u00ab\u00a0touffu\u00a0\u00bb qu\u2019ils fr\u00e9quentent depuis des ann\u00e9es. En effet, depuis quelques semaines, des engins appartenant \u00e0 l\u2019entreprise Buns Sarl, d\u00e9termin\u00e9s dans les fouilles au niveau des pourtours de ce march\u00e9, font des vas et viens dans le but de se lib\u00e9rer de ce qui ne sera plus utile pendant les travaux. Avant cette autre phase des travaux, les boutiques existantes jusqu\u2019ici, en majorit\u00e9 construites en mat\u00e9riaux provisoires, avait \u00e9t\u00e9 d\u00e9j\u00e0 d\u00e9truites. Cette activit\u00e9 pr\u00e9liminaire, est pr\u00e9paratoire au d\u00e9but effectif des travaux de r\u00e9habilitation partielle de cet espace commercial. Si \u00e0 cet endroit, un vide s\u2019ouvre d\u00e9sormais aux usagers, l\u2019entreprise en charge des travaux va d\u00e9sormais faire face aux petits commerces qui se cr\u00e9ent sur cet espace lib\u00e9r\u00e9 par les commer\u00e7ants. Au passage, des curieux se font chacun une id\u00e9e de ce qui pourrait \u00eatre le plan de ces \u00e9quipements marchands, class\u00e9s comme \u00e9tant des \u00ab\u00a0projets g\u00e9n\u00e9rateurs de revenus\u00a0\u00bb \u00e0 la Communaut\u00e9 urbaine de Bafoussam (CUB).<\/p>\n<p><strong>Lire aussi<\/strong> : <a href=\"https:\/\/ecomatin.net\/cameroun-bafoussam-attend-son-centre-de-loisirs\/\">Cameroun : Bafoussam attend son centre de loisirs<\/a><\/p>\n<p>Le projet de restructuration et de construction de ces \u00e9quipements est financ\u00e9 par le Contrat de d\u00e9sendettement et d\u00e9veloppement\u00a0(C2D) urbain dans son programme \u00ab\u00a0capitales r\u00e9gionale\u00a0\u00bb. Une enveloppe globale d\u2019une valeur de 1.923.930.429F a \u00e9t\u00e9 allou\u00e9e \u00e0 ce projet. Ce march\u00e9 confi\u00e9 \u00e0 l\u2019entreprise Buns Sarl apr\u00e8s un appel d\u2019offre national et international, est constitu\u00e9 de deux lots. Il s\u2019agit d\u2019une part de la restructuration du march\u00e9 A (lot 1) et d\u2019autre part, de la restructuration du march\u00e9 Casablanca et de la construction d\u2019une salle polyvalente dans l\u2019enceinte de l\u2019h\u00f4tel de ville de Bafoussam (lot 2). Le coordonnateur et l\u2019ing\u00e9nieur de la cellule C2D \u00e0 la Communaut\u00e9 urbaine de Bafoussam, respectivement, chef de service du march\u00e9 et ing\u00e9nieur dudit march\u00e9, ont \u00e9t\u00e9 invit\u00e9 par le maire de la ville, \u00e0 \u0153uvrer chacun selon ses comp\u00e9tences pour la conduite \u00e0 bon terme de ce projet.<\/p>\n<p><strong>Les commer\u00e7ants recas\u00e9s<\/strong><\/p>\n<p>Le maire de la ville de Bafoussam, en sa qualit\u00e9 de ma\u00eetre d\u2019ouvrage dit \u00eatre engag\u00e9 \u00e0 construire le projet jusqu\u2019\u00e0 son terme dans le but de donner \u00e0 cette cit\u00e9 un nouveau visage encore plus attrayant. Roger Tafam dit \u00eatre d\u00e9termin\u00e9 \u00e0 mettre \u00e0 la disposition des futurs locateurs de ces \u00e9quipements marchands, des infrastructures modernes ad\u00e9quates pour faciliter la bonne marche des activit\u00e9s des commer\u00e7ants. \u00ab\u00a0Au-del\u00e0 de nos projets de 2021, nous aimerions bien au cours de notre mandat, mener des actions susceptibles de faire de la ville de Bafoussam, une ville radieuse, ouverte et offrant de nombreux attraits pour les affaires\u00a0\u00bb, lance-t-il.<\/p>\n<p><strong>Lire aussi<\/strong> : <a href=\"https:\/\/ecomatin.net\/401-milliards-fcfa-enregistres-pour-le-financement-du-3eme-c2d\/\">401 milliards FCFA enregistr\u00e9s pour le financement du 3eme C2D<\/a><\/p>\n<p>Un tour dans les espaces fabriqu\u00e9s en mat\u00e9riaux provisoires pour accueillir les commer\u00e7ants d\u00e9guerpis, le jeudi 25 f\u00e9vrier dernier, ces derniers disent saluer l\u2019initiative de les doter des boutiques modernes. Cependant m\u00eame si certains \u00e9mettent des r\u00e9serves sur le respect des d\u00e9lais allou\u00e9s au projet par l\u2019entreprise adjudicataire. Car selon eux, il sera judicieux d\u2019int\u00e9grer ces nouveaux locaux dans les d\u00e9lais annonc\u00e9s afin qu\u2019ils reprennent les activit\u00e9s dans les conditions idoines. Pour eux, il est d\u00e9sormais difficile pour les clients de se retrouver sur le march\u00e9. Cette situation aurait engendr\u00e9 une baisse de recettes journali\u00e8res. Une situation qui ne cesse d\u2019impacter les familles. Tous les commer\u00e7ants d\u00e9guerpis d\u00e9sormais dans leurs nouveaux espaces commerciaux nourrissent l\u2019espoir de voir le d\u00e9marrage des travaux \u00eatre effectif dans les prochains. Ils esp\u00e8rent int\u00e9grer ces boutiques dans quinze mois, d\u00e9lai pr\u00e9vu pour l\u2019ex\u00e9cution desdits travaux.<\/p>\n<p><strong>Armel Djiogue<\/strong><\/p>\n<p>Auteur: EcoMatin<br \/>\n<a href=\"https:\/\/ecomatin.net\/2-milliards-pour-rehabiliter-le-marche-central-de-bafoussam\/\">Cliquez ici pour lire l&rsquo;article depuis sa source.<\/a><\/p>\n","protected":false},"excerpt":{"rendered":"<p>Les commer\u00e7ants du march\u00e9 A de Bafoussam pourront apr\u00e8s quinze mois, s\u2019adapter au nouveau d\u00e9cor de cet espace jadis \u00ab\u00a0touffu\u00a0\u00bb qu\u2019ils fr\u00e9quentent depuis des ann\u00e9es. En effet, depuis quelques semaines, des engins appartenant \u00e0 l\u2019entreprise Buns Sarl, d\u00e9termin\u00e9s dans les fouilles au niveau des pourtours de ce march\u00e9, font des vas et viens dans le [&hellip;]<\/p>\n","protected":false},"author":1969,"featured_media":0,"comment_status":"closed","ping_status":"closed","sticky":false,"template":"","format":"standard","meta":{"fifu_image_url":"","fifu_image_alt":"","footnotes":""},"categories":[82,78],"tags":[],"class_list":["post-112698","post","type-post","status-publish","format-standard","hentry","category-cameroun","category-economie"],"_links":{"self":[{"href":"https:\/\/linitiative.ca\/International\/wp-json\/wp\/v2\/posts\/112698","targetHints":{"allow":["GET"]}}],"collection":[{"href":"https:\/\/linitiative.ca\/International\/wp-json\/wp\/v2\/posts"}],"about":[{"href":"https:\/\/linitiative.ca\/International\/wp-json\/wp\/v2\/types\/post"}],"author":[{"embeddable":true,"href":"https:\/\/linitiative.ca\/International\/wp-json\/wp\/v2\/users\/1969"}],"replies":[{"embeddable":true,"href":"https:\/\/linitiative.ca\/International\/wp-json\/wp\/v2\/comments?post=112698"}],"version-history":[{"count":0,"href":"https:\/\/linitiative.ca\/International\/wp-json\/wp\/v2\/posts\/112698\/revisions"}],"wp:attachment":[{"href":"https:\/\/linitiative.ca\/International\/wp-json\/wp\/v2\/media?parent=112698"}],"wp:term":[{"taxonomy":"category","embeddable":true,"href":"https:\/\/linitiative.ca\/International\/wp-json\/wp\/v2\/categories?post=112698"},{"taxonomy":"post_tag","embeddable":true,"href":"https:\/\/linitiative.ca\/International\/wp-json\/wp\/v2\/tags?post=112698"}],"curies":[{"name":"wp","href":"https:\/\/api.w.org\/{rel}","templated":true}]}}