{"id":112700,"date":"2021-03-07T09:32:19","date_gmt":"2021-03-07T14:32:19","guid":{"rendered":"https:\/\/linitiative.ca\/International\/communaute-urbaine-de-bafoussam-17-millions-de-f-dexcedent-de-recettes-en-un-an\/"},"modified":"2021-03-07T09:32:19","modified_gmt":"2021-03-07T14:32:19","slug":"communaute-urbaine-de-bafoussam-17-millions-de-f-dexcedent-de-recettes-en-un-an","status":"publish","type":"post","link":"https:\/\/linitiative.ca\/International\/communaute-urbaine-de-bafoussam-17-millions-de-f-dexcedent-de-recettes-en-un-an\/","title":{"rendered":"Communaut\u00e9 urbaine de Bafoussam : 17 millions de F d\u2019exc\u00e9dent de recettes en un an"},"content":{"rendered":"<p>Le jeudi 25 f\u00e9vrier dernier, marquait le premier anniversaire du tout-premier ex\u00e9cutif issu du processus \u00e9lectoral municipal de f\u00e9vrier 2020, \u00e0 la t\u00eate de Communaut\u00e9 urbaine de Bafoussam. A cet effet, Roger Tafam, premier maire de la ville de Bafoussam, et ses deux adjoints Mouafo et Negou, ont pr\u00e9sent\u00e9 le bilan des 365 jours pass\u00e9s \u00e0 t\u00eate de cette municipalit\u00e9. Dans le cadre des projets du Contrat de d\u00e9sendettement et d\u00e9veloppement (C2D) \u00ab\u00a0Capitales r\u00e9gionales\u00a0\u00bb, on retiendra que la ville de Bafoussam a b\u00e9n\u00e9fici\u00e9 de 20 kilom\u00e8tres de routes. Les travaux de construction des \u00e9quipements marchands aux march\u00e9s A et \u00ab\u00a0Casablanca\u00a0\u00bb, de la Salle polyvalente et du Parc de loisirs en cours, constituent le couronnement de la finalisation des proc\u00e9dures de passation des march\u00e9s, a-t-on appris.<\/p>\n<p><strong>Lire aussi<\/strong> : <a href=\"https:\/\/ecomatin.net\/2-milliards-pour-rehabiliter-le-marche-central-de-bafoussam\/\">2 milliards pour r\u00e9habiliter le march\u00e9 central de Bafoussam<\/a><\/p>\n<p>Dans son bilan, le maire de la ville de Bafoussam, est revenu sur la construction des infrastructures sportives, hospitali\u00e8res, a\u00e9roportuaires, dans le cadre des projets CHAN et CAN et des logements sociaux construits dans la localit\u00e9 de Kou\u00e9kong, \u00e0 20 km du centre-ville. Le maire a par ailleurs, invit\u00e9 les personnes d\u00e9sireuses de s\u2019y installer \u00e0 se rapprocher de la Soci\u00e9t\u00e9 immobili\u00e8re du Cameroun (SIC) et de la d\u00e9l\u00e9gation r\u00e9gionale du minist\u00e8re de l\u2019Habitat et du D\u00e9veloppement urbain (Mindhu) de l\u2019Ouest. Cette localit\u00e9 b\u00e9n\u00e9ficie d\u00e9sormais d\u2019un plan d\u2019urbanisme, d\u2019un montant de 150 millions du Minhdu. En collaboration avec ce d\u00e9partement minist\u00e9riel, environs 432 m\u00e9nages ont \u00e9t\u00e9 recens\u00e9s dans les zones \u00e0 risque dans la Mifi.<\/p>\n<p><strong>Lire aussi<\/strong> : <a href=\"https:\/\/ecomatin.net\/cameroun-bafoussam-attend-son-centre-de-loisirs\/\">Cameroun : Bafoussam attend son centre de loisirs<\/a><\/p>\n<p>Selon Roger Tafam, le diagnostic de l\u2019examen des comptes administratifs approuv\u00e9s des cinq derni\u00e8res ann\u00e9es, pr\u00e9sente une baisse des recettes propres de la Communaut\u00e9 urbaine de Bafoussam. \u00ab\u00a0Au sein des services en charge des questions financi\u00e8res notamment de l\u2019assiette fiscale qui en \u00e9tait l\u2019un des maillons faibles, des dispositions ont \u00e9t\u00e9 prises afin que toutes les recettes recouvr\u00e9es soient \u00e9mises en amont par ce service\u00a0\u00bb, confie-t-il. Selon lui, des mesures appropri\u00e9es conjugu\u00e9es, ont \u00ab\u00a0permis d\u2019atteindre un niveau de recouvrement jamais atteint d\u2019un montant de 2.174.655.748F\u00a0\u00bb. Les d\u00e9penses d\u2019un montant de 2.157.318.974F ont g\u00e9n\u00e9r\u00e9 un exc\u00e9dent de 17.336.774F. Cette somme constitue ainsi \u00ab\u00a0une r\u00e9serve pour le fonctionnement et l\u2019investissement de l\u2019exercice 2021\u00a0\u00bb.<\/p>\n<p><strong>Lire aussi<\/strong> : <a href=\"https:\/\/ecomatin.net\/le-prix-de-la-tomate-baisse-a-bafoussam\/\">Le prix de la tomate baisse \u00e0 Bafoussam<\/a><\/p>\n<p><strong>Armel Djiogue<\/strong><\/p>\n<p>Auteur: EcoMatin<br \/>\n<a href=\"https:\/\/ecomatin.net\/communaute-urbaine-de-bafoussam-17-millions-de-f-dexcedent-de-recettes-en-un-an\/\">Cliquez ici pour lire l&rsquo;article depuis sa source.<\/a><\/p>\n","protected":false},"excerpt":{"rendered":"<p>Le jeudi 25 f\u00e9vrier dernier, marquait le premier anniversaire du tout-premier ex\u00e9cutif issu du processus \u00e9lectoral municipal de f\u00e9vrier 2020, \u00e0 la t\u00eate de Communaut\u00e9 urbaine de Bafoussam. A cet effet, Roger Tafam, premier maire de la ville de Bafoussam, et ses deux adjoints Mouafo et Negou, ont pr\u00e9sent\u00e9 le bilan des 365 jours pass\u00e9s [&hellip;]<\/p>\n","protected":false},"author":1969,"featured_media":0,"comment_status":"closed","ping_status":"closed","sticky":false,"template":"","format":"standard","meta":{"fifu_image_url":"","fifu_image_alt":"","footnotes":""},"categories":[82,78],"tags":[],"class_list":["post-112700","post","type-post","status-publish","format-standard","hentry","category-cameroun","category-economie"],"_links":{"self":[{"href":"https:\/\/linitiative.ca\/International\/wp-json\/wp\/v2\/posts\/112700","targetHints":{"allow":["GET"]}}],"collection":[{"href":"https:\/\/linitiative.ca\/International\/wp-json\/wp\/v2\/posts"}],"about":[{"href":"https:\/\/linitiative.ca\/International\/wp-json\/wp\/v2\/types\/post"}],"author":[{"embeddable":true,"href":"https:\/\/linitiative.ca\/International\/wp-json\/wp\/v2\/users\/1969"}],"replies":[{"embeddable":true,"href":"https:\/\/linitiative.ca\/International\/wp-json\/wp\/v2\/comments?post=112700"}],"version-history":[{"count":0,"href":"https:\/\/linitiative.ca\/International\/wp-json\/wp\/v2\/posts\/112700\/revisions"}],"wp:attachment":[{"href":"https:\/\/linitiative.ca\/International\/wp-json\/wp\/v2\/media?parent=112700"}],"wp:term":[{"taxonomy":"category","embeddable":true,"href":"https:\/\/linitiative.ca\/International\/wp-json\/wp\/v2\/categories?post=112700"},{"taxonomy":"post_tag","embeddable":true,"href":"https:\/\/linitiative.ca\/International\/wp-json\/wp\/v2\/tags?post=112700"}],"curies":[{"name":"wp","href":"https:\/\/api.w.org\/{rel}","templated":true}]}}