{"id":112701,"date":"2021-03-08T08:23:38","date_gmt":"2021-03-08T13:23:38","guid":{"rendered":"https:\/\/linitiative.ca\/International\/usage-licite-du-cannabis-le-debat-reprend-au-conseil-de-gouvernement\/"},"modified":"2021-03-08T08:23:38","modified_gmt":"2021-03-08T13:23:38","slug":"usage-licite-du-cannabis-le-debat-reprend-au-conseil-de-gouvernement","status":"publish","type":"post","link":"https:\/\/linitiative.ca\/International\/usage-licite-du-cannabis-le-debat-reprend-au-conseil-de-gouvernement\/","title":{"rendered":"Usage licite du cannabis: Le d\u00e9bat reprend au Conseil de gouvernement"},"content":{"rendered":"<header>\n<\/header>\n<div class=\"entry-content clearfix\" readability=\"52\">\n<figure class=\"post-thumbnail\" itemprop=\"associatedMedia\" itemscope=\"itemscope\" itemtype=\"http:\/\/schema.org\/ImageObject\"><img decoding=\"async\" class=\"post_layout_5_img\" src=\"http:\/\/aujourdhui.ma\/wp-content\/uploads\/2021\/03\/cannabis-1.jpg\" alt=\"Usage licite du cannabis: Le d\u00e9bat reprend au Conseil de gouvernement\"\/><\/figure>\n<p><span class=\"c5\"><strong>Une r\u00e9union du Conseil de gouvernement se tiendra jeudi prochain, sous la pr\u00e9sidence du Chef du gouvernement, Saad Dine El Otmani.<\/strong><\/span><br \/><span class=\"c6\"\/><\/p>\n<p>Lors de cette r\u00e9union, le Conseil poursuivra l\u2019examen du projet de loi relatif \u00e0 l\u2019usage licite du cannabis, indique un communiqu\u00e9 du D\u00e9partement du chef du gouvernement.<br \/>A l\u2019ordre du jour figure \u00e9galement l\u2019examen de trois projets de d\u00e9cret, dont le premier modifie et compl\u00e8te le d\u00e9cret relatif aux march\u00e9s publics, le deuxi\u00e8me est relatif \u00e0 la qualit\u00e9 et s\u00e9curit\u00e9 sanitaire des confitures et autres produits similaires et le troisi\u00e8me porte sur la performance \u00e9nerg\u00e9tique minimale des appareils et \u00e9quipements fonctionnant \u00e0 l\u2019\u00e9lectricit\u00e9, ou au gaz naturel ou aux produits p\u00e9troliers liquides ou gazeux, ou au charbon, ou aux \u00e9nergies renouvelables et commercialisables sur le territoire national. Le Conseil \u00e9tudiera, par la suite, un accord-cadre de coop\u00e9ration dans les domaine de l\u2019\u00e9nergie et des mines entre le gouvernement du Royaume du Maroc et le gouvernement de la R\u00e9publique du Tchad, sign\u00e9 \u00e0 Rabat le 26 octobre 2020, et un projet de loi approuvant ledit accord-cadre. Le Conseil ach\u00e8vera ses travaux par l\u2019examen de propositions de nomination \u00e0 de hautes fonctions conform\u00e9ment aux dispositions de l\u2019article 92 de la Constitution, selon la m\u00eame source.<\/p>\n<\/div>\n<p>Auteur: ALM<br \/>\n<a href=\"https:\/\/aujourdhui.ma\/actualite\/usage-licite-du-cannabis-le-debat-reprend-au-conseil-de-gouvernement\">Cliquez ici pour lire l&rsquo;article depuis sa source.<\/a><\/p>\n","protected":false},"excerpt":{"rendered":"<p>Une r\u00e9union du Conseil de gouvernement se tiendra jeudi prochain, sous la pr\u00e9sidence du Chef du gouvernement, Saad Dine El Otmani. Lors de cette r\u00e9union, le Conseil poursuivra l\u2019examen du projet de loi relatif \u00e0 l\u2019usage licite du cannabis, indique un communiqu\u00e9 du D\u00e9partement du chef du gouvernement.A l\u2019ordre du jour figure \u00e9galement l\u2019examen de [&hellip;]<\/p>\n","protected":false},"author":1759,"featured_media":0,"comment_status":"closed","ping_status":"closed","sticky":false,"template":"","format":"standard","meta":{"fifu_image_url":"http:\/\/aujourdhui.ma\/wp-content\/uploads\/2021\/03\/cannabis-1.jpg","fifu_image_alt":"Usage licite du cannabis: Le d\u00e9bat reprend au Conseil de gouvernement","footnotes":""},"categories":[73,54],"tags":[],"class_list":["post-112701","post","type-post","status-publish","format-standard","hentry","category-actualite","category-maroc"],"_links":{"self":[{"href":"https:\/\/linitiative.ca\/International\/wp-json\/wp\/v2\/posts\/112701","targetHints":{"allow":["GET"]}}],"collection":[{"href":"https:\/\/linitiative.ca\/International\/wp-json\/wp\/v2\/posts"}],"about":[{"href":"https:\/\/linitiative.ca\/International\/wp-json\/wp\/v2\/types\/post"}],"author":[{"embeddable":true,"href":"https:\/\/linitiative.ca\/International\/wp-json\/wp\/v2\/users\/1759"}],"replies":[{"embeddable":true,"href":"https:\/\/linitiative.ca\/International\/wp-json\/wp\/v2\/comments?post=112701"}],"version-history":[{"count":0,"href":"https:\/\/linitiative.ca\/International\/wp-json\/wp\/v2\/posts\/112701\/revisions"}],"wp:attachment":[{"href":"https:\/\/linitiative.ca\/International\/wp-json\/wp\/v2\/media?parent=112701"}],"wp:term":[{"taxonomy":"category","embeddable":true,"href":"https:\/\/linitiative.ca\/International\/wp-json\/wp\/v2\/categories?post=112701"},{"taxonomy":"post_tag","embeddable":true,"href":"https:\/\/linitiative.ca\/International\/wp-json\/wp\/v2\/tags?post=112701"}],"curies":[{"name":"wp","href":"https:\/\/api.w.org\/{rel}","templated":true}]}}