{"id":112706,"date":"2021-03-08T08:39:31","date_gmt":"2021-03-08T13:39:31","guid":{"rendered":"https:\/\/linitiative.ca\/International\/%ef%bb%bfune-celebration-de-la-creativite-litteraire-feminine\/"},"modified":"2021-03-08T08:39:31","modified_gmt":"2021-03-08T13:39:31","slug":"%ef%bb%bfune-celebration-de-la-creativite-litteraire-feminine","status":"publish","type":"post","link":"https:\/\/linitiative.ca\/International\/%ef%bb%bfune-celebration-de-la-creativite-litteraire-feminine\/","title":{"rendered":"\ufeffUne c\u00e9l\u00e9bration de la cr\u00e9ativit\u00e9 litt\u00e9raire f\u00e9minine"},"content":{"rendered":"<p class=\"has-text-color has-vivid-red-color c1\"><strong>Journ\u00e9e de l\u2019\u00e9crivaine maghr\u00e9bine<\/strong><\/p>\n<p class=\"c2\"><strong>Par Sofia El Aouni (MAP)<\/strong><\/p>\n<p class=\"has-text-color c3\"><strong>C\u00e9l\u00e9brant la cr\u00e9ativit\u00e9 intellectuelle f\u00e9minine, la Journ\u00e9e de l\u2019\u00e9crivaine maghr\u00e9bine est l\u2019occasion de mettre en lumi\u00e8re le r\u00f4le des \u00e9crivaines de la r\u00e9gion du Maghreb dans l\u2019\u00e9mancipation au sein d\u2019une soci\u00e9t\u00e9 moderne.<\/strong><\/p>\n<p>Un rapport engag\u00e9 a toujours li\u00e9 ces femmes de lettres au livre, avec de fascinantes \u0153uvres retra\u00e7ant leur vie, avant-gardiste de l\u2019\u00e9volution des m\u0153urs, dans des soci\u00e9t\u00e9s aux coutumes exigeantes, m\u00eame si elles sont parfois \u00e9clips\u00e9es par leurs confr\u00e8res, dans la sc\u00e8ne litt\u00e9raire.<\/p>\n<p>Sur la c\u00e9l\u00e9bration de l\u2019\u00e9crivaine maghr\u00e9bine, l\u2019auteure Souad Jama\u00ef affirme, dans une d\u00e9claration \u00e0 la MAP, que \u201ccette journ\u00e9e n\u2019a de sens que si elle s\u2019accompagne de d\u00e9bats et de mise en lumi\u00e8re des \u00e9crits\u201d.\u00a0 Mme Jama\u00ef, cardiologue de profession, rel\u00e8ve que l\u2019\u00e9criture des femmes maghr\u00e9bines a souvent \u00e9t\u00e9 associ\u00e9e \u00e0 l\u2019\u00e9mancipation et \u00e0 la qu\u00eate d\u2019un chemin permettant de surmonter certains obstacles culturels.<\/p>\n<p>\u201cIl serait injuste de r\u00e9duire leur \u0153uvres uniquement \u00e0 cela, il faut souligner les valeurs esth\u00e9tiques et litt\u00e9raires de leurs \u00e9crits, ne pas se limiter \u00e0 mettre en exergue leur engagement\u201d, a-t-elle ajout\u00e9. Selon elle, les \u00e9crivaines pionni\u00e8res, \u201ccomme Fatima Mernissi et Assia Djebar, ont tent\u00e9 de s\u2019\u00e9vader des fronti\u00e8res invisibles inflig\u00e9es d\u00e8s leur plus jeune \u00e2ge. Elles ont d\u00e9montr\u00e9 que la femme peut exister en dehors des limites patriarcales\u201d.<\/p>\n<p>Abordant l\u2019\u00e9criture par le registre de l\u2019humour et de la d\u00e9rision illustr\u00e9 par son ouvrage \u201cUn toubib dans la ville\u201d, (ed. Afrique Orient) et \u201cLe serment du dernier Messager\u201d, (ed. La Crois\u00e9e des chemins), Souad Jama\u00ef confie qu\u2019elle s\u2019est pench\u00e9e sur l\u2019illusion de l\u2019ascenseur sociale par les \u00e9tudes.\u00a0 Mme Jama\u00ef estime qu\u2019\u00e9crire c\u2019est d\u2019abord transmettre par l\u2019\u00e9motion, qui peut \u00eatre le rire, la d\u00e9rision, l\u2019intrigue ou le suspens. \u201cUn message qui passe par l\u2019\u00e9motion laisse forc\u00e9ment des traces\u201d, a-t-elle not\u00e9.<\/p>\n<p>Consid\u00e9rant la reconnaissance des succ\u00e8s f\u00e9minins dans des domaines masculins, elle confie que la question du genre n\u2019a jamais \u00e9t\u00e9 un frein \u00e0 l\u2019\u00e9mancipation.\u00a0 \u201cEn tant que femme m\u00e9decin, je n\u2019ai jamais constat\u00e9 de diff\u00e9rence de reconnaissance de la part des patients par rapport \u00e0 mes confr\u00e8res masculins et de la m\u00eame fa\u00e7on, en tant qu\u2019\u00e9crivaine, la question du genre ne m\u2019a jamais interpell\u00e9e\u201d.\u00a0 L\u2019\u00e9volution peut para\u00eetre longue mais elle est en cours et se fera de la m\u00eame mani\u00e8re que s\u2019est f\u00e9minis\u00e9e la profession m\u00e9dicale ou d\u2019autres professions, a-elle poursuivi, signalant par la m\u00eame occasion que le registre litt\u00e9raire est en train de s\u2019\u00e9largir et de se diversifier.\u00a0 \u201cLes femmes s\u2019engagent dans des domaines d\u2019\u00e9criture jusque-l\u00e0 attribu\u00e9s aux hommes, il suffit de voir les auteures qui se lancent dans la science-fiction ou la bande dessin\u00e9e\u201d, a-t-elle insist\u00e9.<\/p>\n<p>\u00c9voquant la place de la culture en g\u00e9n\u00e9ral et de la lecture en particulier, Mme Jama\u00ef souligne la n\u00e9cessit\u00e9 de pr\u00e9senter la lecture aux jeunes comme un outil d\u2019exploration, d\u2019\u00e9mancipation, de tol\u00e9rance et d\u2019ouverture sur le monde, en leur laissant la libert\u00e9 d\u2019aborder la lecture \u00e0 travers tous ses genres, notamment la bande dessin\u00e9e et la po\u00e9sie.<\/p>\n<p>Auteur: M&rsquo;hammed rahal<br \/>\n<a href=\"http:\/\/albayane.press.ma\/%EF%BB%BFune-celebration-de-la-creativite-litteraire-feminine.html\">Cliquez ici pour lire l&rsquo;article depuis sa source.<\/a><\/p>\n","protected":false},"excerpt":{"rendered":"<p>Journ\u00e9e de l\u2019\u00e9crivaine maghr\u00e9bine Par Sofia El Aouni (MAP) C\u00e9l\u00e9brant la cr\u00e9ativit\u00e9 intellectuelle f\u00e9minine, la Journ\u00e9e de l\u2019\u00e9crivaine maghr\u00e9bine est l\u2019occasion de mettre en lumi\u00e8re le r\u00f4le des \u00e9crivaines de la r\u00e9gion du Maghreb dans l\u2019\u00e9mancipation au sein d\u2019une soci\u00e9t\u00e9 moderne. Un rapport engag\u00e9 a toujours li\u00e9 ces femmes de lettres au livre, avec de [&hellip;]<\/p>\n","protected":false},"author":1760,"featured_media":0,"comment_status":"closed","ping_status":"closed","sticky":false,"template":"","format":"standard","meta":{"fifu_image_url":"","fifu_image_alt":"","footnotes":""},"categories":[73,54],"tags":[],"class_list":["post-112706","post","type-post","status-publish","format-standard","hentry","category-actualite","category-maroc"],"_links":{"self":[{"href":"https:\/\/linitiative.ca\/International\/wp-json\/wp\/v2\/posts\/112706","targetHints":{"allow":["GET"]}}],"collection":[{"href":"https:\/\/linitiative.ca\/International\/wp-json\/wp\/v2\/posts"}],"about":[{"href":"https:\/\/linitiative.ca\/International\/wp-json\/wp\/v2\/types\/post"}],"author":[{"embeddable":true,"href":"https:\/\/linitiative.ca\/International\/wp-json\/wp\/v2\/users\/1760"}],"replies":[{"embeddable":true,"href":"https:\/\/linitiative.ca\/International\/wp-json\/wp\/v2\/comments?post=112706"}],"version-history":[{"count":0,"href":"https:\/\/linitiative.ca\/International\/wp-json\/wp\/v2\/posts\/112706\/revisions"}],"wp:attachment":[{"href":"https:\/\/linitiative.ca\/International\/wp-json\/wp\/v2\/media?parent=112706"}],"wp:term":[{"taxonomy":"category","embeddable":true,"href":"https:\/\/linitiative.ca\/International\/wp-json\/wp\/v2\/categories?post=112706"},{"taxonomy":"post_tag","embeddable":true,"href":"https:\/\/linitiative.ca\/International\/wp-json\/wp\/v2\/tags?post=112706"}],"curies":[{"name":"wp","href":"https:\/\/api.w.org\/{rel}","templated":true}]}}