{"id":112710,"date":"2021-03-08T09:41:00","date_gmt":"2021-03-08T14:41:00","guid":{"rendered":"https:\/\/linitiative.ca\/International\/pps-et-fpe-il-est-temps-dadopter-le-code-de-la-famille-a-lesprit-de-la-constitution-de-2011\/"},"modified":"2021-03-08T09:41:00","modified_gmt":"2021-03-08T14:41:00","slug":"pps-et-fpe-il-est-temps-dadopter-le-code-de-la-famille-a-lesprit-de-la-constitution-de-2011","status":"publish","type":"post","link":"https:\/\/linitiative.ca\/International\/pps-et-fpe-il-est-temps-dadopter-le-code-de-la-famille-a-lesprit-de-la-constitution-de-2011\/","title":{"rendered":"PPS et FPE: \u00abil est temps d\u2019adopter le code de la famille \u00e0 l\u2019esprit de la Constitution de 2011\u00bb"},"content":{"rendered":"<p class=\"has-text-color has-background has-very-light-gray-color has-vivid-cyan-blue-background-color c1\"><em><strong>Journ\u00e9e Internationale de la Femme du 8 Mars 2021<\/strong><\/em><\/p>\n<p class=\"has-text-color has-vivid-red-color\"><strong>*Il est plus que jamais n\u00e9cessaire d\u2019aller vers une nouvelle g\u00e9n\u00e9ration de droits humains des femmes, dans le sens d\u2019une reconnaissance de l\u2019\u00e9galit\u00e9 compl\u00e8te entre les femmes et les hommes.<\/strong><\/p>\n<p class=\"has-text-color has-vivid-red-color\"><strong>*Le gouvernement est appel\u00e9 \u00e0 placer l\u2019Homme en g\u00e9n\u00e9ral et\u00a0 la Femme en particulier, au c\u0153ur du plan de la relance \u00e9conomique.<\/strong><\/p>\n<p class=\"has-text-color has-vivid-red-color\"><strong>*Appel \u00e0 l\u2019adoption de garanties pour la mise en \u0153uvre optimale de tous les outils de la parit\u00e9 et de l\u2019\u00e9galit\u00e9<\/strong><\/p>\n<p class=\"has-text-color has-vivid-cyan-blue-color\"><strong>Le Parti du Progr\u00e8s et du Socialisme et son organisation parall\u00e8le, le Forum de la Parit\u00e9 et de l\u2019Egalit\u00e9 (FPE), comm\u00e9morent la Journ\u00e9e Internationale de la Femme et pr\u00e9sentent \u00e0 l\u2019ensemble des femmes les f\u00e9licitations les plus chaleureuses et les salutations les plus sinc\u00e8res. Ils soulignent que le combat pour la reconnaissance des droits humains des femmes fait partie int\u00e9grante de la lutte pour une soci\u00e9t\u00e9 de la libert\u00e9, la d\u00e9mocratie, la modernit\u00e9 et la justice sociale.<\/strong><\/p>\n<p class=\"has-text-color has-vivid-cyan-blue-color\"><strong>Le Parti du Progr\u00e8s et du Socialisme et le Forum de la Parit\u00e9 et de l\u2019Egalit\u00e9 estiment que cette occasion doit constituer un moment de r\u00e9flexion autour des acquis du projet soci\u00e9tal fond\u00e9 sur l\u2019\u00e9galit\u00e9 et ses \u00e9checs. Ils soulignent qu\u2019il est plus que jamais n\u00e9cessaire d\u2019aller vers une nouvelle g\u00e9n\u00e9ration de droits humains des femmes, dans le sens d\u2019une reconnaissance de l\u2019\u00e9galit\u00e9 compl\u00e8te entre les femmes et les hommes.<\/strong><\/p>\n<p class=\"has-text-color has-vivid-cyan-blue-color\"><strong>Compte tenu des graves r\u00e9percussions de la pand\u00e9mie du Covid-19 et plus pr\u00e9cis\u00e9ment sur les femmes, le parti et le forum estiment que le gouvernement est appel\u00e9 \u00e0 placer l\u2019Homme en g\u00e9n\u00e9ral et\u00a0 la Femme en particulier, au c\u0153ur du plan de la relance \u00e9conomique et au centre du chantier de la couverture sociale et qu\u2019il est n\u00e9cessaire de mettre en place les politiques publiques sur la base de l\u2019approche du genre social. Et ce dans le but d\u2019accroitre le taux d\u2019int\u00e9gration de la femme dans le march\u00e9 d\u2019emploi avec la reconnaissance effective de l\u2019\u00e9galit\u00e9 dans tous les droits professionnels.<\/strong><\/p>\n<p class=\"has-text-color has-vivid-cyan-blue-color\"><strong>Le parti et le forum soulignent qu\u2019il est temps d\u2019introduire les amendements n\u00e9cessaires au code de la famille conform\u00e9ment \u00e0 l\u2019esprit de la Constitution de 2011, dans le sens de consolider le principe de l\u2019\u00e9galit\u00e9 et de mettre en \u0153uvre de mani\u00e8re vigoureuse des m\u00e9canismes de d\u00e9tection, de contr\u00f4le et de r\u00e9pression de la violence et de la discrimination \u00e0 l\u2019\u00e9gard des femmes. Ils appellent de m\u00eame \u00e0 assurer le climat propice au lancement d\u2019un dialogue serein, responsable et pond\u00e9r\u00e9 au sujet des questions sensibles sp\u00e9cifiques en mati\u00e8re d\u2019\u00e9galit\u00e9.<\/strong><\/p>\n<p class=\"has-text-color has-vivid-cyan-blue-color\"><strong>Le PPS et le FPE appellent \u00e0 l\u2019adoption de garanties pour la mise en \u0153uvre optimale de tous les outils de la parit\u00e9 et de l\u2019\u00e9galit\u00e9 tout en se d\u00e9clarant convaincus de la n\u00e9cessit\u00e9 de la mise en conformit\u00e9 de l\u2019ensemble des l\u00e9gislations nationales y aff\u00e9rentes. Tout en enregistrant certains acquis au niveau de la l\u00e9gislation \u00e9lectorale, ils estiment que les derniers projets de lois \u00e9lectorales sont encore loin de permettre d\u2019aller r\u00e9ellement vers la parit\u00e9.<\/strong><\/p>\n<p class=\"has-text-color has-vivid-cyan-blue-color\">A cette occasion \u00e0 fortes significations, le Parti du Progr\u00e8s et du Socialisme et le Forum de la Parit\u00e9 et l\u2019Egalit\u00e9 r\u00e9it\u00e8rent leur appel \u00e0 l\u2019ensemble du mouvement progressiste f\u00e9minin pour le renforcement de la coop\u00e9ration pour un meilleur encadrement social. Ce qui est \u00e0 m\u00eame d\u2019avoir un impact positif dans la bataille contre les r\u00e9sistances n\u00e9gationnistes qui entravent la marche vers la mise en \u0153uvre des droits des femmes.<\/p>\n<p>Auteur: M&rsquo;hammed rahal<br \/>\n<a href=\"http:\/\/albayane.press.ma\/pps-et-fpe-il-est-temps-dadopter-le-code-de-la-famille-a-lesprit-de-la-constitution-de-2011.html\">Cliquez ici pour lire l&rsquo;article depuis sa source.<\/a><\/p>\n","protected":false},"excerpt":{"rendered":"<p>Journ\u00e9e Internationale de la Femme du 8 Mars 2021 *Il est plus que jamais n\u00e9cessaire d\u2019aller vers une nouvelle g\u00e9n\u00e9ration de droits humains des femmes, dans le sens d\u2019une reconnaissance de l\u2019\u00e9galit\u00e9 compl\u00e8te entre les femmes et les hommes. *Le gouvernement est appel\u00e9 \u00e0 placer l\u2019Homme en g\u00e9n\u00e9ral et\u00a0 la Femme en particulier, au c\u0153ur [&hellip;]<\/p>\n","protected":false},"author":1760,"featured_media":0,"comment_status":"closed","ping_status":"closed","sticky":false,"template":"","format":"standard","meta":{"fifu_image_url":"","fifu_image_alt":"","footnotes":""},"categories":[73,54],"tags":[],"class_list":["post-112710","post","type-post","status-publish","format-standard","hentry","category-actualite","category-maroc"],"_links":{"self":[{"href":"https:\/\/linitiative.ca\/International\/wp-json\/wp\/v2\/posts\/112710","targetHints":{"allow":["GET"]}}],"collection":[{"href":"https:\/\/linitiative.ca\/International\/wp-json\/wp\/v2\/posts"}],"about":[{"href":"https:\/\/linitiative.ca\/International\/wp-json\/wp\/v2\/types\/post"}],"author":[{"embeddable":true,"href":"https:\/\/linitiative.ca\/International\/wp-json\/wp\/v2\/users\/1760"}],"replies":[{"embeddable":true,"href":"https:\/\/linitiative.ca\/International\/wp-json\/wp\/v2\/comments?post=112710"}],"version-history":[{"count":0,"href":"https:\/\/linitiative.ca\/International\/wp-json\/wp\/v2\/posts\/112710\/revisions"}],"wp:attachment":[{"href":"https:\/\/linitiative.ca\/International\/wp-json\/wp\/v2\/media?parent=112710"}],"wp:term":[{"taxonomy":"category","embeddable":true,"href":"https:\/\/linitiative.ca\/International\/wp-json\/wp\/v2\/categories?post=112710"},{"taxonomy":"post_tag","embeddable":true,"href":"https:\/\/linitiative.ca\/International\/wp-json\/wp\/v2\/tags?post=112710"}],"curies":[{"name":"wp","href":"https:\/\/api.w.org\/{rel}","templated":true}]}}