{"id":112711,"date":"2021-03-08T06:30:54","date_gmt":"2021-03-08T11:30:54","guid":{"rendered":"https:\/\/linitiative.ca\/International\/tunindex-au-quotidien-zoom-hebdomadaire-au-vendredi-06-mars-2021\/"},"modified":"2021-03-08T06:30:54","modified_gmt":"2021-03-08T11:30:54","slug":"tunindex-au-quotidien-zoom-hebdomadaire-au-vendredi-06-mars-2021","status":"publish","type":"post","link":"https:\/\/linitiative.ca\/International\/tunindex-au-quotidien-zoom-hebdomadaire-au-vendredi-06-mars-2021\/","title":{"rendered":"TUNINDEX AU QUOTIDIEN ZOOM HEBDOMADAIRE AU VENDREDI 06 MARS 2021"},"content":{"rendered":"<ul>\n<li><strong><em>L\u2019espace politique tunisien se d\u00e9bat encore dans une crise in\u00e9dite au m\u00e9pris des urgences \u00e9conomiques et financi\u00e8res.<\/em><\/strong><\/li>\n<li><strong><em>Les r\u00e9formes urgentes tardent \u00e0 voir le jour. Elles devraient am\u00e9liorer la productivit\u00e9 de l\u2019\u00e9conomie et la coh\u00e9sion sociale.<\/em><\/strong><\/li>\n<li><strong><em>Les partenaires de la Tunisie pourraient assurer le soutien n\u00e9cessaire \u00e0 la Tunisie, pour l\u2019accompagner dans ses r\u00e9formes.<\/em><\/strong><\/li>\n<li><strong><em>Le march\u00e9 boursier est dans le vert et teste la ligne des 6\u00a0777 points, avec prudence.<\/em><\/strong><\/li>\n<\/ul>\n<p><img loading=\"lazy\" decoding=\"async\" class=\"alignnone wp-image-19013\" src=\"http:\/\/lexpertjournal.net\/fr\/wp-content\/uploads\/sites\/2\/2021\/03\/1-2.jpg\" alt=\"\" width=\"468\" height=\"253\"\/><\/p>\n<p><img loading=\"lazy\" decoding=\"async\" class=\"alignnone wp-image-19014\" src=\"http:\/\/lexpertjournal.net\/fr\/wp-content\/uploads\/sites\/2\/2021\/03\/2-2-300x120.jpg\" alt=\"\" width=\"560\" height=\"263\"\/><\/p>\n<h4>\u00d8\u00a0 La BVMT cl\u00f4ture la semaine en rebond de 0.57%.<\/h4>\n<ul>\n<li><strong><em>La BVMT actions a termin\u00e9 la semaine de vendredi en \u00e9quilibre des forces des panneaux.<\/em><\/strong><\/li>\n<li><strong><em>L\u2019\u00e9volution de certains secteurs\u00a0cl\u00e9s a contribu\u00e9 \u00e0 cette stabilit\u00e9 du march\u00e9.<\/em><\/strong><\/li>\n<li><strong><em>Les titres en baisse (27) ont<\/em><\/strong> <strong><em>d\u00e9pass\u00e9 en nombre, les titres en hausse (27).<\/em><\/strong><\/li>\n<li><strong><em>Le march\u00e9 boursier a termin\u00e9 la semaine en hausse par rapport \u00e0 la semaine pr\u00e9c\u00e9dente.<\/em><\/strong><\/li>\n<li><strong><em>En cl\u00f4ture de vendredi, l\u2019indice\u00a0TUNINDEXa gagn\u00e9 38,20 points et +0,57%, par rapport \u00e0 jeudi.<\/em><\/strong><\/li>\n<\/ul>\n<h3><em>Tendances.<\/em><\/h3>\n<h3>* <em>Les secteurs ont cl\u00f4tur\u00e9 la semaine en ordre dispers\u00e9.<\/em><\/h3>\n<p><img loading=\"lazy\" decoding=\"async\" class=\"alignnone wp-image-19015\" src=\"http:\/\/lexpertjournal.net\/fr\/wp-content\/uploads\/sites\/2\/2021\/03\/3-2-300x221.jpg\" alt=\"\" width=\"393\" height=\"291\" srcset=\"http:\/\/lexpertjournal.net\/fr\/wp-content\/uploads\/sites\/2\/2021\/03\/3-2-300x221.jpg 300w, http:\/\/lexpertjournal.net\/fr\/wp-content\/uploads\/sites\/2\/2021\/03\/3-2.jpg 357w\" sizes=\"auto, (max-width: 393px) 100vw, 393px\"\/><\/p>\n<h3><span class=\"c1\">*<em>Les valeurs les plus actives de la semaine.<\/em><\/span><\/h3>\n<p><img loading=\"lazy\" decoding=\"async\" class=\"alignnone wp-image-19016\" src=\"http:\/\/lexpertjournal.net\/fr\/wp-content\/uploads\/sites\/2\/2021\/03\/4-2-300x234.jpg\" alt=\"\" width=\"381\" height=\"306\"\/><\/p>\n<h3><span class=\"c1\"><em>Le tunindex aujourdhui.<\/em><\/span><\/h3>\n<p><img loading=\"lazy\" decoding=\"async\" class=\"alignnone wp-image-19017\" src=\"http:\/\/lexpertjournal.net\/fr\/wp-content\/uploads\/sites\/2\/2021\/03\/5-2-300x197.jpg\" alt=\"\" width=\"468\" height=\"284\"\/><\/p>\n<h3><em>Le TUNINDEX<\/em> <em>confirme sa tendance \u00e0 la consolidation baissi\u00e8re.<\/em><\/h3>\n<h3><em>On remarquera\u00a0<\/em><em>:<\/em><\/h3>\n<h3>\u00d8\u00a0 <em>L\u2019\u00e9largissement r\u00e9tr\u00e9cissement des Bandes de Bolinger (BB) mat\u00e9rialise une augmentation de la volatilit\u00e9 et du risque.<\/em><\/h3>\n<h3>\u00d8\u00a0 <em>La confirmation de la tendance est pr\u00e9figur\u00e9e par le range haussier avec les 4 derniers chandeliers.<\/em><\/h3>\n<h3>\u00d8\u00a0 <em>Le dernier chandelier (vert, avec un corps relativement d\u00e9velopp\u00e9, avec une m\u00e8che inf\u00e9rieure longue), en haut de la Bande de Bolinger (BB 20-2), sugg\u00e8re une propension des op\u00e9rateurs au renversement haussier, avec une fiabilit\u00e9 moyenne.<\/em><\/h3>\n<p><img loading=\"lazy\" decoding=\"async\" class=\"alignnone wp-image-19018\" src=\"http:\/\/lexpertjournal.net\/fr\/wp-content\/uploads\/sites\/2\/2021\/03\/6-2.jpg\" alt=\"\" width=\"356\" height=\"94\"\/><\/p>\n<p><img loading=\"lazy\" decoding=\"async\" class=\"alignnone wp-image-19019\" src=\"http:\/\/lexpertjournal.net\/fr\/wp-content\/uploads\/sites\/2\/2021\/03\/7-2-300x137.jpg\" alt=\"\" width=\"597\" height=\"215\"\/><\/p>\n<div class=\"wp-post-author-wrap wp-post-author-shortcode left\">\n<h3 class=\"awpa-title\"\/>\n<div class=\"wp-post-author\">\n<div class=\"awpa-img awpa-author-block square\"><a href=\"http:\/\/lexpertjournal.net\/fr\/?author=5\"><img loading=\"lazy\" decoding=\"async\" alt=\"\" src=\"http:\/\/0.gravatar.com\/avatar\/97f8e10a1c1125ba104a76514ee07b16?s=150&amp;d=mm&amp;r=g\" srcset=\"http:\/\/0.gravatar.com\/avatar\/97f8e10a1c1125ba104a76514ee07b16?s=300&amp;d=mm&amp;r=g 2x\" class=\"avatar avatar-150 photo\" height=\"150\" width=\"150\"\/><\/a><\/div>\n<\/div>\n<\/div>\n<aside class=\"mashsb-container mashsb-main mashsb-stretched\">\n<\/aside>\n<p>Auteur: L&rsquo;expert<br \/>\n<a href=\"http:\/\/lexpertjournal.net\/fr\/?p=19012\">Cliquez ici pour lire l&rsquo;article depuis sa source.<\/a><\/p>\n","protected":false},"excerpt":{"rendered":"<p>L\u2019espace politique tunisien se d\u00e9bat encore dans une crise in\u00e9dite au m\u00e9pris des urgences \u00e9conomiques et financi\u00e8res. Les r\u00e9formes urgentes tardent \u00e0 voir le jour. Elles devraient am\u00e9liorer la productivit\u00e9 de l\u2019\u00e9conomie et la coh\u00e9sion sociale. Les partenaires de la Tunisie pourraient assurer le soutien n\u00e9cessaire \u00e0 la Tunisie, pour l\u2019accompagner dans ses r\u00e9formes. Le [&hellip;]<\/p>\n","protected":false},"author":1775,"featured_media":0,"comment_status":"closed","ping_status":"closed","sticky":false,"template":"","format":"standard","meta":{"fifu_image_url":"http:\/\/lexpertjournal.net\/fr\/wp-content\/uploads\/sites\/2\/2021\/03\/1-2.jpg","fifu_image_alt":"TUNINDEX AU QUOTIDIEN ZOOM HEBDOMADAIRE AU VENDREDI 06 MARS 2021","footnotes":""},"categories":[78,55],"tags":[],"class_list":["post-112711","post","type-post","status-publish","format-standard","hentry","category-economie","category-tunisie"],"_links":{"self":[{"href":"https:\/\/linitiative.ca\/International\/wp-json\/wp\/v2\/posts\/112711","targetHints":{"allow":["GET"]}}],"collection":[{"href":"https:\/\/linitiative.ca\/International\/wp-json\/wp\/v2\/posts"}],"about":[{"href":"https:\/\/linitiative.ca\/International\/wp-json\/wp\/v2\/types\/post"}],"author":[{"embeddable":true,"href":"https:\/\/linitiative.ca\/International\/wp-json\/wp\/v2\/users\/1775"}],"replies":[{"embeddable":true,"href":"https:\/\/linitiative.ca\/International\/wp-json\/wp\/v2\/comments?post=112711"}],"version-history":[{"count":0,"href":"https:\/\/linitiative.ca\/International\/wp-json\/wp\/v2\/posts\/112711\/revisions"}],"wp:attachment":[{"href":"https:\/\/linitiative.ca\/International\/wp-json\/wp\/v2\/media?parent=112711"}],"wp:term":[{"taxonomy":"category","embeddable":true,"href":"https:\/\/linitiative.ca\/International\/wp-json\/wp\/v2\/categories?post=112711"},{"taxonomy":"post_tag","embeddable":true,"href":"https:\/\/linitiative.ca\/International\/wp-json\/wp\/v2\/tags?post=112711"}],"curies":[{"name":"wp","href":"https:\/\/api.w.org\/{rel}","templated":true}]}}