{"id":112712,"date":"2021-03-08T04:30:00","date_gmt":"2021-03-08T09:30:00","guid":{"rendered":"https:\/\/linitiative.ca\/International\/hommage-insolite-et-original-aux-sapeurs-pompiers\/"},"modified":"2021-03-08T04:30:00","modified_gmt":"2021-03-08T09:30:00","slug":"hommage-insolite-et-original-aux-sapeurs-pompiers","status":"publish","type":"post","link":"https:\/\/linitiative.ca\/International\/hommage-insolite-et-original-aux-sapeurs-pompiers\/","title":{"rendered":"Hommage insolite et original aux sapeurs-pompiers"},"content":{"rendered":"<div id=\"originalText\" readability=\"49\">\n<p>Les habitants du quartier Belkraled-Boualem, situ\u00e9 \u00e0 A\u00efn El-Arba, dans la wilaya d\u2019A\u00efn T\u00e9mouchent, ont rendu avant-hier un hommage \u00e0 leur mani\u00e8re aux sapeurs-pompiers, \u00e0 l\u2019occasion de la c\u00e9l\u00e9bration de la Journ\u00e9e mondiale de la Protection civile.<\/p>\n<p>En effet, ces derniers ont tout simplement alert\u00e9 les pompiers de l\u2019unit\u00e9 secondaire de la Protection civile de cette ville sur un pr\u00e9tendu incendie qui ravageait une habitation situ\u00e9e au quartier cit\u00e9 pr\u00e9c\u00e9demment. Arriv\u00e9s sur les lieux, les sapeurs-pompiers ont tout simplement \u00e9t\u00e9 surpris de l\u2019accueil chaleureux qui leur a \u00e9t\u00e9 r\u00e9serv\u00e9.<\/p>\n<p>C\u2019est ainsi qu\u2019une collation leur a \u00e9t\u00e9 offerte \u00e0 l\u2019occasion de la c\u00e9l\u00e9bration de leur journ\u00e9e. Un geste qui est all\u00e9 droit au c\u0153ur des pompiers qui n\u2019ont pas manqu\u00e9 de partager ces moments de convivialit\u00e9 exceptionnels avec les habitants du quartier.<\/p>\n<\/div>\n<div id=\"text_core\" readability=\"49\">\n<p>Les habitants du quartier Belkraled-Boualem, situ\u00e9 \u00e0 A\u00efn El-Arba, dans la wilaya d\u2019A\u00efn T\u00e9mouchent, ont rendu avant-hier un hommage \u00e0 leur mani\u00e8re aux sapeurs-pompiers, \u00e0 l\u2019occasion de la c\u00e9l\u00e9bration de la Journ\u00e9e mondiale de la Protection civile.<\/p>\n<p>En effet, ces derniers ont tout simplement alert\u00e9 les pompiers de l\u2019unit\u00e9 secondaire de la Protection civile de cette ville sur un pr\u00e9tendu incendie qui ravageait une habitation situ\u00e9e au quartier cit\u00e9 pr\u00e9c\u00e9demment. Arriv\u00e9s sur les lieux, les sapeurs-pompiers ont tout simplement \u00e9t\u00e9 surpris de l\u2019accueil chaleureux qui leur a \u00e9t\u00e9 r\u00e9serv\u00e9.<\/p>\n<p>C\u2019est ainsi qu\u2019une collation leur a \u00e9t\u00e9 offerte \u00e0 l\u2019occasion de la c\u00e9l\u00e9bration de leur journ\u00e9e. Un geste qui est all\u00e9 droit au c\u0153ur des pompiers qui n\u2019ont pas manqu\u00e9 de partager ces moments de convivialit\u00e9 exceptionnels avec les habitants du quartier.<\/p>\n<\/div>\n<p>Auteur:<br \/>\n<a href=\"https:\/\/www.liberte-algerie.com\/radar\/hommage-insolite-et-original-aux-sapeurs-pompiers-355177\">Cliquez ici pour lire l&rsquo;article depuis sa source.<\/a><\/p>\n","protected":false},"excerpt":{"rendered":"<p>Les habitants du quartier Belkraled-Boualem, situ\u00e9 \u00e0 A\u00efn El-Arba, dans la wilaya d\u2019A\u00efn T\u00e9mouchent, ont rendu avant-hier un hommage \u00e0 leur mani\u00e8re aux sapeurs-pompiers, \u00e0 l\u2019occasion de la c\u00e9l\u00e9bration de la Journ\u00e9e mondiale de la Protection civile. En effet, ces derniers ont tout simplement alert\u00e9 les pompiers de l\u2019unit\u00e9 secondaire de la Protection civile de [&hellip;]<\/p>\n","protected":false},"author":1742,"featured_media":0,"comment_status":"closed","ping_status":"closed","sticky":false,"template":"","format":"standard","meta":{"fifu_image_url":"","fifu_image_alt":"","footnotes":""},"categories":[73,53],"tags":[],"class_list":["post-112712","post","type-post","status-publish","format-standard","hentry","category-actualite","category-algerie"],"_links":{"self":[{"href":"https:\/\/linitiative.ca\/International\/wp-json\/wp\/v2\/posts\/112712","targetHints":{"allow":["GET"]}}],"collection":[{"href":"https:\/\/linitiative.ca\/International\/wp-json\/wp\/v2\/posts"}],"about":[{"href":"https:\/\/linitiative.ca\/International\/wp-json\/wp\/v2\/types\/post"}],"author":[{"embeddable":true,"href":"https:\/\/linitiative.ca\/International\/wp-json\/wp\/v2\/users\/1742"}],"replies":[{"embeddable":true,"href":"https:\/\/linitiative.ca\/International\/wp-json\/wp\/v2\/comments?post=112712"}],"version-history":[{"count":0,"href":"https:\/\/linitiative.ca\/International\/wp-json\/wp\/v2\/posts\/112712\/revisions"}],"wp:attachment":[{"href":"https:\/\/linitiative.ca\/International\/wp-json\/wp\/v2\/media?parent=112712"}],"wp:term":[{"taxonomy":"category","embeddable":true,"href":"https:\/\/linitiative.ca\/International\/wp-json\/wp\/v2\/categories?post=112712"},{"taxonomy":"post_tag","embeddable":true,"href":"https:\/\/linitiative.ca\/International\/wp-json\/wp\/v2\/tags?post=112712"}],"curies":[{"name":"wp","href":"https:\/\/api.w.org\/{rel}","templated":true}]}}