{"id":112713,"date":"2021-03-08T04:30:00","date_gmt":"2021-03-08T09:30:00","guid":{"rendered":"https:\/\/linitiative.ca\/International\/ouverture-dun-service-de-chirurgie-carcinologique\/"},"modified":"2021-03-08T04:30:00","modified_gmt":"2021-03-08T09:30:00","slug":"ouverture-dun-service-de-chirurgie-carcinologique","status":"publish","type":"post","link":"https:\/\/linitiative.ca\/International\/ouverture-dun-service-de-chirurgie-carcinologique\/","title":{"rendered":"Ouverture d\u2019un service de chirurgie carcinologique"},"content":{"rendered":"<div id=\"originalText\" readability=\"48\">\n<p>Apr\u00e8s\u00a0 avoir\u00a0 lanc\u00e9 des\u00a0 services\u00a0 d\u2019oncologie,\u00a0 de\u00a0 chimioth\u00e9rapie\u00a0 et\u00a0 de radioth\u00e9rapie depuis son inauguration en 2019, le Centre de lutte contre le cancer (CLCC) de Dra\u00e2 Ben Khedda vient de franchir une nouvelle \u00e9tape avec l\u2019ouverture d\u2019un nouveau service de chirurgie carcinologique, lequel a \u00e9t\u00e9 confi\u00e9 au Dr Ahmed Djadjoua, chirurgien bien connu au Centre hospitalo-universitaire Nedir-Mohamed de Tizi Ouzou, qui vient d\u2019obtenir son grade de ma\u00eetre assistant en chirurgie.<\/p>\n<p>\u201cCe nouveau service est une grande premi\u00e8re en Kabylie, du fait qu\u2019il permettra d\u00e9sormais d\u2019op\u00e9rer tous les patients atteints de toutes sortes de tumeurs canc\u00e9reuses, ce qui est un plus pour le CLCC de Dra\u00e2 Ben Khedda\u201d, dira le nouveau chef de service de chirurgie carcinologique de Dra\u00e2 Ben Khedda avec une grande fiert\u00e9.<\/p>\n<\/div>\n<div id=\"text_core\" readability=\"48\">\n<p>Apr\u00e8s\u00a0 avoir\u00a0 lanc\u00e9 des\u00a0 services\u00a0 d\u2019oncologie,\u00a0 de\u00a0 chimioth\u00e9rapie\u00a0 et\u00a0 de radioth\u00e9rapie depuis son inauguration en 2019, le Centre de lutte contre le cancer (CLCC) de Dra\u00e2 Ben Khedda vient de franchir une nouvelle \u00e9tape avec l\u2019ouverture d\u2019un nouveau service de chirurgie carcinologique, lequel a \u00e9t\u00e9 confi\u00e9 au Dr Ahmed Djadjoua, chirurgien bien connu au Centre hospitalo-universitaire Nedir-Mohamed de Tizi Ouzou, qui vient d\u2019obtenir son grade de ma\u00eetre assistant en chirurgie.<\/p>\n<p>\u201cCe nouveau service est une grande premi\u00e8re en Kabylie, du fait qu\u2019il permettra d\u00e9sormais d\u2019op\u00e9rer tous les patients atteints de toutes sortes de tumeurs canc\u00e9reuses, ce qui est un plus pour le CLCC de Dra\u00e2 Ben Khedda\u201d, dira le nouveau chef de service de chirurgie carcinologique de Dra\u00e2 Ben Khedda avec une grande fiert\u00e9.<\/p>\n<\/div>\n<p>Auteur:<br \/>\n<a href=\"https:\/\/www.liberte-algerie.com\/radar\/ouverture-dun-service-de-chirurgie-carcinologique-355176\">Cliquez ici pour lire l&rsquo;article depuis sa source.<\/a><\/p>\n","protected":false},"excerpt":{"rendered":"<p>Apr\u00e8s\u00a0 avoir\u00a0 lanc\u00e9 des\u00a0 services\u00a0 d\u2019oncologie,\u00a0 de\u00a0 chimioth\u00e9rapie\u00a0 et\u00a0 de radioth\u00e9rapie depuis son inauguration en 2019, le Centre de lutte contre le cancer (CLCC) de Dra\u00e2 Ben Khedda vient de franchir une nouvelle \u00e9tape avec l\u2019ouverture d\u2019un nouveau service de chirurgie carcinologique, lequel a \u00e9t\u00e9 confi\u00e9 au Dr Ahmed Djadjoua, chirurgien bien connu au Centre [&hellip;]<\/p>\n","protected":false},"author":1742,"featured_media":0,"comment_status":"closed","ping_status":"closed","sticky":false,"template":"","format":"standard","meta":{"fifu_image_url":"","fifu_image_alt":"","footnotes":""},"categories":[73,53],"tags":[],"class_list":["post-112713","post","type-post","status-publish","format-standard","hentry","category-actualite","category-algerie"],"_links":{"self":[{"href":"https:\/\/linitiative.ca\/International\/wp-json\/wp\/v2\/posts\/112713","targetHints":{"allow":["GET"]}}],"collection":[{"href":"https:\/\/linitiative.ca\/International\/wp-json\/wp\/v2\/posts"}],"about":[{"href":"https:\/\/linitiative.ca\/International\/wp-json\/wp\/v2\/types\/post"}],"author":[{"embeddable":true,"href":"https:\/\/linitiative.ca\/International\/wp-json\/wp\/v2\/users\/1742"}],"replies":[{"embeddable":true,"href":"https:\/\/linitiative.ca\/International\/wp-json\/wp\/v2\/comments?post=112713"}],"version-history":[{"count":0,"href":"https:\/\/linitiative.ca\/International\/wp-json\/wp\/v2\/posts\/112713\/revisions"}],"wp:attachment":[{"href":"https:\/\/linitiative.ca\/International\/wp-json\/wp\/v2\/media?parent=112713"}],"wp:term":[{"taxonomy":"category","embeddable":true,"href":"https:\/\/linitiative.ca\/International\/wp-json\/wp\/v2\/categories?post=112713"},{"taxonomy":"post_tag","embeddable":true,"href":"https:\/\/linitiative.ca\/International\/wp-json\/wp\/v2\/tags?post=112713"}],"curies":[{"name":"wp","href":"https:\/\/api.w.org\/{rel}","templated":true}]}}