{"id":112716,"date":"2021-03-08T12:00:00","date_gmt":"2021-03-08T17:00:00","guid":{"rendered":"https:\/\/linitiative.ca\/International\/videos-les-feministes-imposent-leur-marche-pour-legalite-a-alger\/"},"modified":"2021-03-08T12:00:00","modified_gmt":"2021-03-08T17:00:00","slug":"videos-les-feministes-imposent-leur-marche-pour-legalite-a-alger","status":"publish","type":"post","link":"https:\/\/linitiative.ca\/International\/videos-les-feministes-imposent-leur-marche-pour-legalite-a-alger\/","title":{"rendered":"[Vid\u00e9os] Les f\u00e9ministes imposent leur marche pour \u00ab l\u2019\u00e9galit\u00e9 \u00bb \u00e0 Alger"},"content":{"rendered":"<div id=\"originalText\" readability=\"51.5\">\n<p>Des dizaines de f\u00e9ministes ont investi, ce lundi, les rues d\u2019Alger-centre, \u00e0 l\u2019occasion du 8 mars, journ\u00e9e internationale des droits de la femme, pour r\u00e9clamer l\u2019\u00e9galit\u00e9 et l\u2019abrogation du code de la famille, un texte de loi jug\u00e9 \u00ab\u00a0r\u00e9trograde\u00a0\u00bb et \u00ab\u00a0discriminatoire\u00a0\u00bb, en vigueur depuis 1984 en Alg\u00e9rie, et pla\u00e7ant la femme sous le statut d\u2019\u00a0\u00ab\u00e9ternelle mineure\u00a0\u00bb.\u00a0 \u00a0\u00a0<\/p>\n<p><img decoding=\"async\" alt=\"\" src=\"\/data\/upload\/158867014_3818820531516310_5503175538148605907_o.jpg\" class=\"c6\"\/><\/p>\n<div readability=\"14\">\n<p>Avec la moudjhahida et infatigable militante pour l\u2019\u00e9galit\u00e9, Louisette Ighilahriz, au premier rang de la marche, les f\u00e9ministes, munies de banderoles et de pancartes, ont entonn\u00e9 sans cesse (voir vid\u00e9o ci-dessous) \u00ab\u00a0code la famille \u00e0 la poubelle\u00a0\u00bb.<\/p>\n<\/div>\n<p><iframe loading=\"lazy\" allow=\"autoplay; clipboard-write; encrypted-media; picture-in-picture; web-share\" allowfullscreen=\"true\" frameborder=\"0\" height=\"288\" scrolling=\"no\" src=\"https:\/\/www.facebook.com\/plugins\/video.php?height=288&amp;href=https%3A%2F%2Fwww.facebook.com%2FJournaLiberteOfficiel%2Fvideos%2F241781044306817%2F&amp;show_text=false&amp;width=560\" class=\"c7\" width=\"560\">[embedded content]<\/iframe><\/p>\n<div readability=\"13\">\n<p>Une marche parall\u00e8le, constitu\u00e9e de plusieurs centaines de femmes appuy\u00e9es par des hommes et des jeunes de diff\u00e9rentes tranches d\u2019\u00e2ge, scandant des slogans du hirak, a \u00e9galement eu lieu, entre la rue Didouche Mourad et la Grande Poste. \u00a0<\/p>\n<\/div>\n<div readability=\"10\">\n<p><iframe loading=\"lazy\" allow=\"autoplay; clipboard-write; encrypted-media; picture-in-picture; web-share\" allowfullscreen=\"true\" frameborder=\"0\" height=\"266\" scrolling=\"no\" src=\"https:\/\/www.facebook.com\/plugins\/video.php?height=266&amp;href=https%3A%2F%2Fwww.facebook.com%2FJournaLiberteOfficiel%2Fvideos%2F470667944074735%2F&amp;show_text=false&amp;width=560\" class=\"c7\" width=\"560\">[embedded content]<\/iframe><\/p>\n<div readability=\"15\">\n<p>Cependant, un groupe de femmes et de jeunes hommes de la marche parall\u00e8le, s\u2019en est pris aux f\u00e9ministes, mena\u00e7ant de d\u00e9chirer leurs pancartes, alors d\u2019autres ont carr\u00e9ment noyaut\u00e9 leur marche pour \u00e9touffer les slogans pour l\u2019\u00a0\u00ab\u00e9galit\u00e9\u00a0\u00bb et imposer les leurs, essentiellement portant sur le d\u00e9part du syst\u00e8me en place.<\/p>\n<p class=\"c8\"><strong>R\u00e9daction Web<\/strong><\/p>\n<\/div>\n<\/div>\n<\/div>\n<div id=\"text_core\" readability=\"51.5\">\n<p>Des dizaines de f\u00e9ministes ont investi, ce lundi, les rues d\u2019Alger-centre, \u00e0 l\u2019occasion du 8 mars, journ\u00e9e internationale des droits de la femme, pour r\u00e9clamer l\u2019\u00e9galit\u00e9 et l\u2019abrogation du code de la famille, un texte de loi jug\u00e9 \u00ab\u00a0r\u00e9trograde\u00a0\u00bb et \u00ab\u00a0discriminatoire\u00a0\u00bb, en vigueur depuis 1984 en Alg\u00e9rie, et pla\u00e7ant la femme sous le statut d\u2019\u00a0\u00ab\u00e9ternelle mineure\u00a0\u00bb.\u00a0 \u00a0\u00a0<\/p>\n<p><img decoding=\"async\" alt=\"\" src=\"\/data\/upload\/158867014_3818820531516310_5503175538148605907_o.jpg\" class=\"c6\"\/><\/p>\n<div readability=\"14\">\n<p>Avec la moudjhahida et infatigable militante pour l\u2019\u00e9galit\u00e9, Louisette Ighilahriz, au premier rang de la marche, les f\u00e9ministes, munies de banderoles et de pancartes, ont entonn\u00e9 sans cesse (voir vid\u00e9o ci-dessous) \u00ab\u00a0code la famille \u00e0 la poubelle\u00a0\u00bb.<\/p>\n<\/div>\n<p><iframe loading=\"lazy\" allow=\"autoplay; clipboard-write; encrypted-media; picture-in-picture; web-share\" allowfullscreen=\"true\" frameborder=\"0\" height=\"288\" scrolling=\"no\" src=\"https:\/\/www.facebook.com\/plugins\/video.php?height=288&amp;href=https%3A%2F%2Fwww.facebook.com%2FJournaLiberteOfficiel%2Fvideos%2F241781044306817%2F&amp;show_text=false&amp;width=560\" class=\"c7\" width=\"560\">[embedded content]<\/iframe><\/p>\n<div readability=\"13\">\n<p>Une marche parall\u00e8le, constitu\u00e9e de plusieurs centaines de femmes appuy\u00e9es par des hommes et des jeunes de diff\u00e9rentes tranches d\u2019\u00e2ge, scandant des slogans du hirak, a \u00e9galement eu lieu, entre la rue Didouche Mourad et la Grande Poste. \u00a0<\/p>\n<\/div>\n<div readability=\"10\">\n<p><iframe loading=\"lazy\" allow=\"autoplay; clipboard-write; encrypted-media; picture-in-picture; web-share\" allowfullscreen=\"true\" frameborder=\"0\" height=\"266\" scrolling=\"no\" src=\"https:\/\/www.facebook.com\/plugins\/video.php?height=266&amp;href=https%3A%2F%2Fwww.facebook.com%2FJournaLiberteOfficiel%2Fvideos%2F470667944074735%2F&amp;show_text=false&amp;width=560\" class=\"c7\" width=\"560\">[embedded content]<\/iframe><\/p>\n<div readability=\"15\">\n<p>Cependant, un groupe de femmes et de jeunes hommes de la marche parall\u00e8le, s\u2019en est pris aux f\u00e9ministes, mena\u00e7ant de d\u00e9chirer leurs pancartes, alors d\u2019autres ont carr\u00e9ment noyaut\u00e9 leur marche pour \u00e9touffer les slogans pour l\u2019\u00a0\u00ab\u00e9galit\u00e9\u00a0\u00bb et imposer les leurs, essentiellement portant sur le d\u00e9part du syst\u00e8me en place.<\/p>\n<p class=\"c8\"><strong>R\u00e9daction Web<\/strong><\/p>\n<\/div>\n<\/div>\n<\/div>\n<p>Auteur:<br \/>\n<a href=\"https:\/\/www.liberte-algerie.com\/actualite\/videos-les-feministes-imposent-leur-marche-pour-legalite-a-alger-355230\">Cliquez ici pour lire l&rsquo;article depuis sa source.<\/a><\/p>\n","protected":false},"excerpt":{"rendered":"<p>Des dizaines de f\u00e9ministes ont investi, ce lundi, les rues d\u2019Alger-centre, \u00e0 l\u2019occasion du 8 mars, journ\u00e9e internationale des droits de la femme, pour r\u00e9clamer l\u2019\u00e9galit\u00e9 et l\u2019abrogation du code de la famille, un texte de loi jug\u00e9 \u00ab\u00a0r\u00e9trograde\u00a0\u00bb et \u00ab\u00a0discriminatoire\u00a0\u00bb, en vigueur depuis 1984 en Alg\u00e9rie, et pla\u00e7ant la femme sous le statut d\u2019\u00a0\u00ab\u00e9ternelle [&hellip;]<\/p>\n","protected":false},"author":1742,"featured_media":0,"comment_status":"closed","ping_status":"closed","sticky":false,"template":"","format":"standard","meta":{"fifu_image_url":"\/data\/upload\/158867014_3818820531516310_5503175538148605907_o.jpg","fifu_image_alt":"[Vid\u00e9os] Les f\u00e9ministes imposent leur marche pour \u00ab l\u2019\u00e9galit\u00e9 \u00bb \u00e0 Alger","footnotes":""},"categories":[73,53],"tags":[],"class_list":["post-112716","post","type-post","status-publish","format-standard","hentry","category-actualite","category-algerie"],"_links":{"self":[{"href":"https:\/\/linitiative.ca\/International\/wp-json\/wp\/v2\/posts\/112716","targetHints":{"allow":["GET"]}}],"collection":[{"href":"https:\/\/linitiative.ca\/International\/wp-json\/wp\/v2\/posts"}],"about":[{"href":"https:\/\/linitiative.ca\/International\/wp-json\/wp\/v2\/types\/post"}],"author":[{"embeddable":true,"href":"https:\/\/linitiative.ca\/International\/wp-json\/wp\/v2\/users\/1742"}],"replies":[{"embeddable":true,"href":"https:\/\/linitiative.ca\/International\/wp-json\/wp\/v2\/comments?post=112716"}],"version-history":[{"count":0,"href":"https:\/\/linitiative.ca\/International\/wp-json\/wp\/v2\/posts\/112716\/revisions"}],"wp:attachment":[{"href":"https:\/\/linitiative.ca\/International\/wp-json\/wp\/v2\/media?parent=112716"}],"wp:term":[{"taxonomy":"category","embeddable":true,"href":"https:\/\/linitiative.ca\/International\/wp-json\/wp\/v2\/categories?post=112716"},{"taxonomy":"post_tag","embeddable":true,"href":"https:\/\/linitiative.ca\/International\/wp-json\/wp\/v2\/tags?post=112716"}],"curies":[{"name":"wp","href":"https:\/\/api.w.org\/{rel}","templated":true}]}}