{"id":112717,"date":"2021-03-07T17:08:29","date_gmt":"2021-03-07T22:08:29","guid":{"rendered":"https:\/\/linitiative.ca\/International\/249-nouveaux-cas-pres-de-4-millions-de-personnes-vaccinees\/"},"modified":"2021-03-07T17:08:29","modified_gmt":"2021-03-07T22:08:29","slug":"249-nouveaux-cas-pres-de-4-millions-de-personnes-vaccinees","status":"publish","type":"post","link":"https:\/\/linitiative.ca\/International\/249-nouveaux-cas-pres-de-4-millions-de-personnes-vaccinees\/","title":{"rendered":"249 nouveaux cas, pr\u00e8s de 4 millions de personnes vaccin\u00e9es"},"content":{"rendered":"<div readability=\"34\">\n<p>Un total de 249 nouveaux cas d\u2019infection au coronavirus et de 321 gu\u00e9risons a \u00e9t\u00e9 enregistr\u00e9 au cours des derni\u00e8res 24 heures au Maroc, a annonc\u00e9 dimanche le minist\u00e8re de la Sant\u00e9.<\/p>\n<\/div>\n<div readability=\"75\">\n<p>Le nombre des personnes vaccin\u00e9es \u00e0 ce jour (dose 1) a atteint 3.913.615, alors que 578.942 ont re\u00e7u la deuxi\u00e8me dose du vaccin, pr\u00e9cise le minist\u00e8re dans son bulletin quotidien sur la situation de la Covid-19.<\/p>\n<p>Le nouveau bilan des cas du virus porte \u00e0 486.223 le nombre total des contaminations depuis le premier cas signal\u00e9 en mars de l\u2019ann\u00e9e derni\u00e8re, tandis que le nombre des personnes r\u00e9tablies est pass\u00e9 \u00e0 472.240, soit un taux de gu\u00e9rison de 97,1%, pr\u00e9cise le minist\u00e8re dans son bulletin quotidien sur la situation de la Covid-19.<\/p>\n<p>Le nombre total des d\u00e9c\u00e8s est pass\u00e9 \u00e0 8.682, avec six nouveaux cas recens\u00e9s en 24 heures, soit un taux de l\u00e9talit\u00e9 de 1,8%.<\/p>\n<p>Les cas de d\u00e9c\u00e8s ont \u00e9t\u00e9 enregistr\u00e9s dans les r\u00e9gions de Casablanca-Settat (03), Tanger-T\u00e9touan-Al Hoceima (01), Marrakech-Safi (01) et B\u00e9ni Mellal-Kh\u00e9nifra (01).<\/p>\n<p>Les nouveaux cas d\u2019infection ont \u00e9t\u00e9 recens\u00e9s dans les r\u00e9gions de Casablanca-Settat (145), l\u2019Oriental (20), Tanger-T\u00e9touan-Al Hoceima (06), Marrakech-Safi (13), Rabat-Sal\u00e9-K\u00e9nitra (22), Souss-Massa (10), B\u00e9ni Mellal-Kh\u00e9nifra (13), La\u00e2youne-Sakia El Hamra (07), Guelmim\u2013Oued Noun (6), Dar\u00e2a-Tafilalet (01) et Dakhla Oued Eddahab (06).<\/p>\n<p>Le nombre des cas actifs s\u2019\u00e9l\u00e8ve \u00e0 5.301, alors que les cas s\u00e9v\u00e8res ou critiques sont au nombre de 372, dont 19 plac\u00e9s sous intubation.<\/p>\n<\/div>\n<p>Auteur: Meriem IGASS<br \/>\n<a href=\"http:\/\/www.mapmarrakech.ma\/fr\/249-nouveaux-cas-pres-de-4-millions-de-personnes-vaccinees\/\">Cliquez ici pour lire l&rsquo;article depuis sa source.<\/a><\/p>\n","protected":false},"excerpt":{"rendered":"<p>Un total de 249 nouveaux cas d\u2019infection au coronavirus et de 321 gu\u00e9risons a \u00e9t\u00e9 enregistr\u00e9 au cours des derni\u00e8res 24 heures au Maroc, a annonc\u00e9 dimanche le minist\u00e8re de la Sant\u00e9. Le nombre des personnes vaccin\u00e9es \u00e0 ce jour (dose 1) a atteint 3.913.615, alors que 578.942 ont re\u00e7u la deuxi\u00e8me dose du vaccin, [&hellip;]<\/p>\n","protected":false},"author":1788,"featured_media":0,"comment_status":"closed","ping_status":"closed","sticky":false,"template":"","format":"standard","meta":{"fifu_image_url":"","fifu_image_alt":"","footnotes":""},"categories":[54,76],"tags":[],"class_list":["post-112717","post","type-post","status-publish","format-standard","hentry","category-maroc","category-regions"],"_links":{"self":[{"href":"https:\/\/linitiative.ca\/International\/wp-json\/wp\/v2\/posts\/112717","targetHints":{"allow":["GET"]}}],"collection":[{"href":"https:\/\/linitiative.ca\/International\/wp-json\/wp\/v2\/posts"}],"about":[{"href":"https:\/\/linitiative.ca\/International\/wp-json\/wp\/v2\/types\/post"}],"author":[{"embeddable":true,"href":"https:\/\/linitiative.ca\/International\/wp-json\/wp\/v2\/users\/1788"}],"replies":[{"embeddable":true,"href":"https:\/\/linitiative.ca\/International\/wp-json\/wp\/v2\/comments?post=112717"}],"version-history":[{"count":0,"href":"https:\/\/linitiative.ca\/International\/wp-json\/wp\/v2\/posts\/112717\/revisions"}],"wp:attachment":[{"href":"https:\/\/linitiative.ca\/International\/wp-json\/wp\/v2\/media?parent=112717"}],"wp:term":[{"taxonomy":"category","embeddable":true,"href":"https:\/\/linitiative.ca\/International\/wp-json\/wp\/v2\/categories?post=112717"},{"taxonomy":"post_tag","embeddable":true,"href":"https:\/\/linitiative.ca\/International\/wp-json\/wp\/v2\/tags?post=112717"}],"curies":[{"name":"wp","href":"https:\/\/api.w.org\/{rel}","templated":true}]}}