{"id":112718,"date":"2021-03-08T07:35:49","date_gmt":"2021-03-08T12:35:49","guid":{"rendered":"https:\/\/linitiative.ca\/International\/ibtissam-chraiki-une-passionnee-de-recherche-scientifique-et-de-geologie\/"},"modified":"2021-03-08T07:35:49","modified_gmt":"2021-03-08T12:35:49","slug":"ibtissam-chraiki-une-passionnee-de-recherche-scientifique-et-de-geologie","status":"publish","type":"post","link":"https:\/\/linitiative.ca\/International\/ibtissam-chraiki-une-passionnee-de-recherche-scientifique-et-de-geologie\/","title":{"rendered":"Ibtissam Chraiki, une passionn\u00e9e de recherche scientifique et de g\u00e9ologie"},"content":{"rendered":"<div readability=\"38\">\n<p>-Par Abdelhak Yahya-<br \/>Marrakech \u2013 Passionn\u00e9e de recherche scientifique et de g\u00e9ologie, la jeune \u00e9tudiante Ibtissam Chraiki, qui faisait partie de l\u2019\u00e9quipe ayant contribu\u00e9 brillamment \u00e0 une d\u00e9couverte scientifique majeure qui pourrait changer certains concepts relatifs \u00e0 l\u2019origine de la vie sur notre plan\u00e8te, est un mod\u00e8le \u00e9loquent de la jeune femme marocaine capable de pers\u00e9v\u00e9rer pour se distinguer dans diff\u00e9rentes sp\u00e9cialit\u00e9s scientifiques.<\/p>\n<\/div>\n<div readability=\"131\">\n<p>Gr\u00e2ce \u00e0 son assiduit\u00e9, son engagement et son amour pour la science, cette jeune chercheure a r\u00e9ussi \u00e0 figurer dans la liste tr\u00e8s prestigieuse des femmes ayant marqu\u00e9 l\u2019ann\u00e9e 2020 aux niveaux r\u00e9gional et national.<\/p>\n<p>Mme Chraiki se souvient que ce parcours scientifique avait commenc\u00e9 lorsqu\u2019elle a d\u00e9croch\u00e9, avec brio, un baccalaur\u00e9at en Sciences math\u00e9matiques \u00e0 Khouribga et une licence d\u00e9livr\u00e9e par la Facult\u00e9 polydisciplinaire relevant de l\u2019universit\u00e9 Hassan 1er \u00e0 la m\u00eame ville.<\/p>\n<p>Ce parcours acad\u00e9mique brillant ne va pas tarder \u00e0 lui ouvrir les portes des grandes universit\u00e9s nationales, dont la prestigieuse Facult\u00e9 des Sciences Semlalia relevant de l\u2019Universit\u00e9 Cadi Ayyad (UCA) de Marrakech, o\u00f9 elle a obtenu son Master et o\u00f9 elle poursuit actuellement ses \u00e9tudes doctorales.<\/p>\n<p>Ce brillant parcours va aussi permettre \u00e0 cette jeune chercheuse marocaine de contribuer aux c\u00f4t\u00e9s d\u2019une \u00e9quipe de recherche de la Facult\u00e9 des Sciences Semlalia, \u00e0 la d\u00e9couverte d\u2019une vie microbienne extr\u00eamophile en milieux confin\u00e9s datant de 570 millions d\u2019ann\u00e9es.<\/p>\n<p>Publi\u00e9e dans la revue scientifique internationale \u00ab\u00a0Geobiology\u00a0\u00bb, cette \u00e9tude, men\u00e9e dans le cadre du projet de Doctorat de Mme Ibtissam Chraiki, a montr\u00e9 que des microbes ont colonis\u00e9 et prosp\u00e9r\u00e9 dans des milieux extr\u00eamophiles associ\u00e9s \u00e0 un environnement tr\u00e8s confin\u00e9 du lac volcanique.<\/p>\n<p>Dans une d\u00e9claration \u00e0 la MAP, elle a indiqu\u00e9 qu\u2019elle pr\u00e9pare actuellement une \u00e9tude-th\u00e8se, financ\u00e9e par l\u2019Acad\u00e9mie Hassan II des Sciences et techniques de Rabat, en collaboration avec des chercheurs marocains (UCA de Marrakech), fran\u00e7ais (Universit\u00e9 de Poitiers) et anglais (Universit\u00e9 de Cardiff), sur la vie pr\u00e9cambrienne en sous-sol marocain.<\/p>\n<p>Cette jeune \u00e9tudiante a expliqu\u00e9 que son \u00e9tude a \u00e9t\u00e9 men\u00e9e sur l\u2019un des rares t\u00e9moins du d\u00e9veloppement de communaut\u00e9s microbiennes adapt\u00e9es aux environnements extr\u00eames dans une zone situ\u00e9e au sud-est du Maroc dans la r\u00e9gion de Ouarzazate, pr\u00e8s de la localit\u00e9 d\u2019Amane Tazgart o\u00f9, les traces de vie sont en excellent \u00e9tat de conservation.<\/p>\n<p>Les r\u00e9sultats obtenus apportent des preuves fossiles indubitables que des microorganismes ont su s\u2019adapter de mani\u00e8re \u00e9tonnante \u00e0 des milieux tr\u00e8s divers, dans des conditions extr\u00eames.<\/p>\n<p>Sur l\u2019importance de ses recherches, Mme Chraiki a expliqu\u00e9 que cette \u00e9tude permettra aux chercheurs de comprendre la possible existence de vie sur d\u2019autres plan\u00e8tes telles que Jupiter.<\/p>\n<p>Les conditions extr\u00eames dans lesquelles ces communaut\u00e9s microbiennes ont v\u00e9cu et se sont d\u00e9velopp\u00e9es ont r\u00e9cemment suscit\u00e9 l\u2019int\u00e9r\u00eat de la NASA, a-t-elle enchain\u00e9.<\/p>\n<p>\u00ab\u00a0Si je suis parvenue \u00e0 accomplir ce parcours brillant, c\u2019est gr\u00e2ce aux encouragements de mes parents, qui ont \u00e9t\u00e9 toujours d\u2019un grand soutien pour moi, en me poussant sans cesse \u00e0 se r\u00e9aliser en tant que femme libre et ind\u00e9pendante\u00a0\u00bb, a-t-elle relev\u00e9, mettant en relief le r\u00f4le qu\u2019a jou\u00e9 Mme Nezha Lazrak, l\u2019enseignante universitaire qui encadre sa th\u00e8se de doctorat.<\/p>\n<p>Au sujet de la Journ\u00e9e internationale de la femme c\u00e9l\u00e9br\u00e9e le 8 mars de chaque ann\u00e9e, la jeune chercheuse a estim\u00e9 qu\u2019elle s\u2019agit, sans nul conteste, d\u2019une occasion pour mettre en exergue le r\u00f4le pionnier de la femme marocaine et ses contributions dans tous les domaines sans exception.<\/p>\n<p>Gr\u00e2ce \u00e0 leurs comp\u00e9tences av\u00e9r\u00e9es, les femmes marocaines ont r\u00e9ussi \u00e0 occuper des postes de responsabilit\u00e9 cl\u00e9s non seulement au niveau national, mais aussi \u00e0 l\u2019\u00e9tranger comme c\u2019est le cas de Mme Kawtar Hafidi,\u00a0sp\u00e9cialis\u00e9e dans la physique nucl\u00e9aire, qui a \u00e9t\u00e9 nomm\u00e9e depuis 2017, directrice de la division de la physique au Laboratoire national d\u2019Argonne, aux \u00c9tats-Unis, devenant la premi\u00e8re femme \u00e0 occuper ce poste, ainsi que Mme Asmaa Boujibar, la premi\u00e8re femme marocaine \u00e0 int\u00e9grer la NASA.<\/p>\n<p>Ces prouesses scientifiques de la femme marocaine ne peuvent que susciter beaucoup d\u2019admiration et de fiert\u00e9 des citoyens marocains, a-t-elle estim\u00e9, appelant les femmes marocaines \u00e0 s\u2019attacher \u00e0 leurs r\u00eaves et \u00e0 faire montre de d\u00e9termination, de pers\u00e9v\u00e9rance et d\u2019assiduit\u00e9 en vue de leur concr\u00e9tisation sur le terrain.<\/p>\n<\/div>\n<p>Auteur: Meriem IGASS<br \/>\n<a href=\"http:\/\/www.mapmarrakech.ma\/fr\/ibtissam-chraiki-ou-la-passion-pour-les-prouesses-scientifiques-et-la-geologie\/\">Cliquez ici pour lire l&rsquo;article depuis sa source.<\/a><\/p>\n","protected":false},"excerpt":{"rendered":"<p>-Par Abdelhak Yahya-Marrakech \u2013 Passionn\u00e9e de recherche scientifique et de g\u00e9ologie, la jeune \u00e9tudiante Ibtissam Chraiki, qui faisait partie de l\u2019\u00e9quipe ayant contribu\u00e9 brillamment \u00e0 une d\u00e9couverte scientifique majeure qui pourrait changer certains concepts relatifs \u00e0 l\u2019origine de la vie sur notre plan\u00e8te, est un mod\u00e8le \u00e9loquent de la jeune femme marocaine capable de pers\u00e9v\u00e9rer [&hellip;]<\/p>\n","protected":false},"author":1788,"featured_media":0,"comment_status":"closed","ping_status":"closed","sticky":false,"template":"","format":"standard","meta":{"fifu_image_url":"","fifu_image_alt":"","footnotes":""},"categories":[54,76],"tags":[],"class_list":["post-112718","post","type-post","status-publish","format-standard","hentry","category-maroc","category-regions"],"_links":{"self":[{"href":"https:\/\/linitiative.ca\/International\/wp-json\/wp\/v2\/posts\/112718","targetHints":{"allow":["GET"]}}],"collection":[{"href":"https:\/\/linitiative.ca\/International\/wp-json\/wp\/v2\/posts"}],"about":[{"href":"https:\/\/linitiative.ca\/International\/wp-json\/wp\/v2\/types\/post"}],"author":[{"embeddable":true,"href":"https:\/\/linitiative.ca\/International\/wp-json\/wp\/v2\/users\/1788"}],"replies":[{"embeddable":true,"href":"https:\/\/linitiative.ca\/International\/wp-json\/wp\/v2\/comments?post=112718"}],"version-history":[{"count":0,"href":"https:\/\/linitiative.ca\/International\/wp-json\/wp\/v2\/posts\/112718\/revisions"}],"wp:attachment":[{"href":"https:\/\/linitiative.ca\/International\/wp-json\/wp\/v2\/media?parent=112718"}],"wp:term":[{"taxonomy":"category","embeddable":true,"href":"https:\/\/linitiative.ca\/International\/wp-json\/wp\/v2\/categories?post=112718"},{"taxonomy":"post_tag","embeddable":true,"href":"https:\/\/linitiative.ca\/International\/wp-json\/wp\/v2\/tags?post=112718"}],"curies":[{"name":"wp","href":"https:\/\/api.w.org\/{rel}","templated":true}]}}