{"id":112719,"date":"2021-03-08T10:07:50","date_gmt":"2021-03-08T15:07:50","guid":{"rendered":"https:\/\/linitiative.ca\/International\/la-map-celebre-ses-femmes-a-loccasion-du-8-mars\/"},"modified":"2021-03-08T10:07:50","modified_gmt":"2021-03-08T15:07:50","slug":"la-map-celebre-ses-femmes-a-loccasion-du-8-mars","status":"publish","type":"post","link":"https:\/\/linitiative.ca\/International\/la-map-celebre-ses-femmes-a-loccasion-du-8-mars\/","title":{"rendered":"La MAP c\u00e9l\u00e8bre ses femmes \u00e0 l\u2019occasion du 8 mars"},"content":{"rendered":"<div readability=\"37\">\n<p>L\u2019Agence Marocaine de Presse (MAP) a organis\u00e9, lundi \u00e0 son si\u00e8ge \u00e0 Rabat, une c\u00e9r\u00e9monie pour c\u00e9l\u00e9brer ses femmes cadres relevant du corps journalistique et administratif, \u00e0 l\u2019occasion de la Journ\u00e9e internationale de la femme.<\/p>\n<\/div>\n<div readability=\"110\">\n<p>Fid\u00e8le \u00e0 cette tradition, la MAP remet les commandes de l\u2019ensemble de ses services r\u00e9dactionnels \u00e0 ses journalistes femmes, qui m\u00e8neront la barque durant cette journ\u00e9e du 8 mars, une initiative symbolique pour c\u00e9l\u00e9brer les femmes de l\u2019Agence et leur rendre hommage pour leur engagement et leur d\u00e9vouement.<\/p>\n<p>Il s\u2019agit d\u2019une attention particuli\u00e8re pour honorer les efforts d\u00e9ploy\u00e9s par le personnel f\u00e9minin de l\u2019Agence, qui fait la force de l\u2019institution et joue un r\u00f4le pr\u00e9pond\u00e9rant, aux c\u00f4t\u00e9s de leurs coll\u00e8gues masculins, dans le d\u00e9veloppement et le rayonnement de la MAP aux niveaux national et international.<\/p>\n<p>C\u2019est une tradition instaur\u00e9e par les responsables de la MAP afin de mettre en avant leur volont\u00e9 de soutenir les femmes dans leur \u00e9mancipation et de les encourager \u00e0 assumer des r\u00f4les de leaders, que ce soit aux services r\u00e9dactionnels ou administratifs.<\/p>\n<p>Tout en \u00e9tant l\u2019expression d\u2019une reconnaissance de la pr\u00e9sence des \u00e9l\u00e9ments f\u00e9minins au sein de la MAP et de l\u2019ampleur de leur contribution aux efforts consentis pour am\u00e9liorer la production et le rendement, cette initiative est \u00e9galement une occasion pour les journalistes femmes \u00e9voluant dans l\u2019ensemble des services de l\u2019Agence pour mettre en \u00e9vidence leurs capacit\u00e9s professionnelles.<\/p>\n<p>Ainsi, Mme Soumia Al Arkoubi est d\u00e9sign\u00e9e directrice de l\u2019Information, alors que sa coll\u00e8gue Mme Karima Hajji prend les commandes de la r\u00e9daction en chef nationale.<\/p>\n<p>Les postes de r\u00e9dactrices en chef internationale, r\u00e9gionale et multilingues sont occup\u00e9s respectivement par Mme Fadwa El Ghazi, Mme Bouchra Azour et Mme Bassma Rayadi, tandis que la fonction de r\u00e9dacteur en chef \u00e9conomie et finance est assur\u00e9e par Mme Malika Mojahid.<\/p>\n<p>Mme Imane Boussaid occupe le poste de r\u00e9dactrice en chef production num\u00e9rique et multim\u00e9dia, alors que Mme Imane Brougi m\u00e8ne ses fonctions \u00e0 la t\u00eate de la r\u00e9daction en chef publications.<\/p>\n<p>La r\u00e9daction en chef photo et infographie est occup\u00e9e par Mme Malak Lamrabet, alors que sa coll\u00e8gue Mme Hala Reggane prend les commandes de la r\u00e9daction en chef documentation.<\/p>\n<p>Les r\u00e9dactions en chef de MAP intelligence et de Sport sont confi\u00e9es \u00e0 Mme Asmaa Houri et Mme Sofia El Aouni.<\/p>\n<p>Dans la direction des M\u00e9dias, Mme Fatima-Ezzahra Erraji occupe le poste de Directrice. La r\u00e9daction en chef RIM Radio est confi\u00e9e \u00e0 Mme Jihane Mourchid, alors que Mme Nouha Izrar s\u2019adjuge les commandes de la r\u00e9daction en chef M24. Mme Nadia Rouijel occupe, quant \u00e0 elle, le poste de r\u00e9dactrice en chef Dibnews.<\/p>\n<p>Par rapport au nombre assez limit\u00e9 dans les ann\u00e9es 1980, la MAP compte aujourd\u2019hui 200 femmes d\u00e9vou\u00e9es et militantes dans l\u2019\u00e2me, soit 39% de l\u2019ensemble des effectifs de l\u2019Agence. 101 femmes font partie du corps journalistique de l\u2019Agence, dont 10 affect\u00e9es dans des bureaux internationaux et 31 dans des bureaux r\u00e9gionaux.<\/p>\n<p>La MAP multiplie les initiatives afin d\u2019accompagner la mont\u00e9e en puissance du leadership f\u00e9minin et promouvoir la culture de la parit\u00e9, et ce \u00e0 travers une politique d\u2019embauche qui conforte l\u2019\u00e9galit\u00e9 des chances entre les deux sexes et qui veille \u00e0 offrir aux femmes journalistes un plan de carri\u00e8re opportun avec diff\u00e9rentes perspectives d\u2019avenir.<\/p>\n<p>Ainsi, les agenci\u00e8res de la MAP pourront prouver, par leurs comp\u00e9tences et leur d\u00e9termination, toute la place qu\u2019elles m\u00e9ritent malgr\u00e9 la difficult\u00e9 de la t\u00e2che et l\u2019\u00e9normit\u00e9 des sacrifices \u00e0 consentir.<\/p>\n<\/div>\n<p>Auteur: Meriem IGASS<br \/>\n<a href=\"http:\/\/www.mapmarrakech.ma\/fr\/la-map-celebre-ses-femmes-a-loccasion-du-8-mars\/\">Cliquez ici pour lire l&rsquo;article depuis sa source.<\/a><\/p>\n","protected":false},"excerpt":{"rendered":"<p>L\u2019Agence Marocaine de Presse (MAP) a organis\u00e9, lundi \u00e0 son si\u00e8ge \u00e0 Rabat, une c\u00e9r\u00e9monie pour c\u00e9l\u00e9brer ses femmes cadres relevant du corps journalistique et administratif, \u00e0 l\u2019occasion de la Journ\u00e9e internationale de la femme. Fid\u00e8le \u00e0 cette tradition, la MAP remet les commandes de l\u2019ensemble de ses services r\u00e9dactionnels \u00e0 ses journalistes femmes, qui [&hellip;]<\/p>\n","protected":false},"author":1788,"featured_media":0,"comment_status":"closed","ping_status":"closed","sticky":false,"template":"","format":"standard","meta":{"fifu_image_url":"","fifu_image_alt":"","footnotes":""},"categories":[54,76],"tags":[],"class_list":["post-112719","post","type-post","status-publish","format-standard","hentry","category-maroc","category-regions"],"_links":{"self":[{"href":"https:\/\/linitiative.ca\/International\/wp-json\/wp\/v2\/posts\/112719","targetHints":{"allow":["GET"]}}],"collection":[{"href":"https:\/\/linitiative.ca\/International\/wp-json\/wp\/v2\/posts"}],"about":[{"href":"https:\/\/linitiative.ca\/International\/wp-json\/wp\/v2\/types\/post"}],"author":[{"embeddable":true,"href":"https:\/\/linitiative.ca\/International\/wp-json\/wp\/v2\/users\/1788"}],"replies":[{"embeddable":true,"href":"https:\/\/linitiative.ca\/International\/wp-json\/wp\/v2\/comments?post=112719"}],"version-history":[{"count":0,"href":"https:\/\/linitiative.ca\/International\/wp-json\/wp\/v2\/posts\/112719\/revisions"}],"wp:attachment":[{"href":"https:\/\/linitiative.ca\/International\/wp-json\/wp\/v2\/media?parent=112719"}],"wp:term":[{"taxonomy":"category","embeddable":true,"href":"https:\/\/linitiative.ca\/International\/wp-json\/wp\/v2\/categories?post=112719"},{"taxonomy":"post_tag","embeddable":true,"href":"https:\/\/linitiative.ca\/International\/wp-json\/wp\/v2\/tags?post=112719"}],"curies":[{"name":"wp","href":"https:\/\/api.w.org\/{rel}","templated":true}]}}