{"id":112723,"date":"2021-03-08T09:32:29","date_gmt":"2021-03-08T14:32:29","guid":{"rendered":"https:\/\/linitiative.ca\/International\/cloture-dun-projet-pour-la-promotion-de-lacces-des-femmes-aux-services-de-sante\/"},"modified":"2021-03-08T09:32:29","modified_gmt":"2021-03-08T14:32:29","slug":"cloture-dun-projet-pour-la-promotion-de-lacces-des-femmes-aux-services-de-sante","status":"publish","type":"post","link":"https:\/\/linitiative.ca\/International\/cloture-dun-projet-pour-la-promotion-de-lacces-des-femmes-aux-services-de-sante\/","title":{"rendered":"Cl\u00f4ture d\u2019un projet pour la promotion de l\u2019acc\u00e8s des femmes aux services de sant\u00e9"},"content":{"rendered":"<p class=\"c4\">Le projet \u00abSoyons acteurs\/trices pour am\u00e9liorer l\u2019acc\u00e8s des femmes aux services de sant\u00e9 dans la province de Figuig\u00bb s\u2019est cl\u00f4tur\u00e9, dimanche \u00e0 Oujda, par la tenue d\u2019un atelier d\u2019\u00e9valuation et de capitalisation des r\u00e9sultats du projet et la formulation de recommandations en la mati\u00e8re.<\/p>\n<p class=\"c4\">Ce projet, men\u00e9 \u00e0 l\u2019initiative de l\u2019Union des initiatives de d\u00e9veloppement (UNID) et financ\u00e9 par l\u2019Union europ\u00e9enne dans le cadre du programme \u00abMoucharaka Mouwatina\u00bb, a permis de sensibiliser et de former 25 volontaires de la province de Figuig, ainsi que des \u00e9lus, de repr\u00e9sentants du secteur de la Sant\u00e9, d\u2019acteurs associatifs et de membres des conseils des jeunes de la province de Figuig.<\/p>\n<p class=\"c4\">Plusieurs activit\u00e9s ont \u00e9t\u00e9 men\u00e9es tout au long d\u2019une ann\u00e9e dans le cadre de ce projet, ax\u00e9 sur la sensibilisation des participants et de l\u2019ensemble des intervenants sur la place de la sant\u00e9 dans les programmes des collectivit\u00e9s territoriales et sur l\u2019acc\u00e8s \u00e9quitable des hommes et des femmes aux services de sant\u00e9 dans les trois communes cibles, \u00e0 savoir Beni Tadjit, Talsint et Bou\u00e2nane.<\/p>\n<p class=\"c4\">Dans une d\u00e9claration \u00e0 la MAP, Abdellah Haddioui, membre de l\u2019UNID dans la commune de Boua\u00e2nane, a indiqu\u00e9 que ce projet a eu pour principaux r\u00e9sultats le renforcement des capacit\u00e9s de plaidoyer des acteurs de la soci\u00e9t\u00e9 civile en vue d\u2019am\u00e9liorer les conditions d\u2019acc\u00e8s des femmes aux services de sant\u00e9.<\/p>\n<p class=\"c4\">L\u2019initiative a aussi permis la cons\u00e9cration d\u2019un certain nombre de bonnes pratiques, notamment la concertation entre l\u2019acteur politique et l\u2019acteur de la soci\u00e9t\u00e9 civile, a-t-il soulign\u00e9, appelant \u00e0 poursuivre cette dynamique en faveur de la promotion de la sant\u00e9 des femmes dans la province.<\/p>\n<p class=\"c4\">Le programme Moucharaka Mouwatina (Participation Citoyenne) entend accompagner les r\u00e9formes et renforcer la contribution effective des organisations de la soci\u00e9t\u00e9 civile marocaine \u00e0 la consolidation de l\u2019Etat de droit, \u00e0 la d\u00e9mocratisation et au d\u00e9veloppement socio-\u00e9conomique du pays.<\/p>\n<p class=\"c4\">Le programme apporte aussi un appui en vue d\u2019am\u00e9liorer l\u2019environnement institutionnel et l\u00e9gal des organisations de la soci\u00e9t\u00e9 civile, et de promouvoir leur implication dans la d\u00e9finition, la mise en \u0153uvre, le suivi et l\u2019\u00e9valuation des politiques publiques.<\/p>\n<p class=\"c4\">Financ\u00e9 par l\u2019UE \u00e0 hauteur de plus de 13 millions d\u2019euros pour la p\u00e9riode 2018-2020 et soutenant les initiatives de la soci\u00e9t\u00e9 civile dans les domaines de la jeunesse, de l\u2019\u00e9galit\u00e9 et de l\u2019environnement dans quatre r\u00e9gions (Casablanca-Settat, l\u2019Oriental, Souss-Massa et Tanger-T\u00e9touan-Al Hoceima), Moucharaka Mouwatina est men\u00e9 en partenariat avec le minist\u00e8re d\u00e9l\u00e9gu\u00e9 charg\u00e9 des Relations avec le parlement et la soci\u00e9t\u00e9 civile, le Conseil national des droits de l\u2019Homme (CNDH), l\u2019Institut national de formation aux droits humains (Institut Driss Ben Zekri) et le Bureau des Nations Unies pour les services d\u2019appui aux projets (UNOPS).<\/p>\n<p>Auteur: Soufiane ELAHMAR<br \/>\n<a href=\"http:\/\/www.mapoujda.ma\/fr\/cloture-dun-projet-pour-la-promotion-de-lacces-des-femmes-aux-services-de-sante\/\">Cliquez ici pour lire l&rsquo;article depuis sa source.<\/a><\/p>\n","protected":false},"excerpt":{"rendered":"<p>Le projet \u00abSoyons acteurs\/trices pour am\u00e9liorer l\u2019acc\u00e8s des femmes aux services de sant\u00e9 dans la province de Figuig\u00bb s\u2019est cl\u00f4tur\u00e9, dimanche \u00e0 Oujda, par la tenue d\u2019un atelier d\u2019\u00e9valuation et de capitalisation des r\u00e9sultats du projet et la formulation de recommandations en la mati\u00e8re. Ce projet, men\u00e9 \u00e0 l\u2019initiative de l\u2019Union des initiatives de d\u00e9veloppement [&hellip;]<\/p>\n","protected":false},"author":1788,"featured_media":0,"comment_status":"closed","ping_status":"closed","sticky":false,"template":"","format":"standard","meta":{"fifu_image_url":"","fifu_image_alt":"","footnotes":""},"categories":[54,76],"tags":[],"class_list":["post-112723","post","type-post","status-publish","format-standard","hentry","category-maroc","category-regions"],"_links":{"self":[{"href":"https:\/\/linitiative.ca\/International\/wp-json\/wp\/v2\/posts\/112723","targetHints":{"allow":["GET"]}}],"collection":[{"href":"https:\/\/linitiative.ca\/International\/wp-json\/wp\/v2\/posts"}],"about":[{"href":"https:\/\/linitiative.ca\/International\/wp-json\/wp\/v2\/types\/post"}],"author":[{"embeddable":true,"href":"https:\/\/linitiative.ca\/International\/wp-json\/wp\/v2\/users\/1788"}],"replies":[{"embeddable":true,"href":"https:\/\/linitiative.ca\/International\/wp-json\/wp\/v2\/comments?post=112723"}],"version-history":[{"count":0,"href":"https:\/\/linitiative.ca\/International\/wp-json\/wp\/v2\/posts\/112723\/revisions"}],"wp:attachment":[{"href":"https:\/\/linitiative.ca\/International\/wp-json\/wp\/v2\/media?parent=112723"}],"wp:term":[{"taxonomy":"category","embeddable":true,"href":"https:\/\/linitiative.ca\/International\/wp-json\/wp\/v2\/categories?post=112723"},{"taxonomy":"post_tag","embeddable":true,"href":"https:\/\/linitiative.ca\/International\/wp-json\/wp\/v2\/tags?post=112723"}],"curies":[{"name":"wp","href":"https:\/\/api.w.org\/{rel}","templated":true}]}}