{"id":112726,"date":"2021-03-08T10:18:50","date_gmt":"2021-03-08T15:18:50","guid":{"rendered":"https:\/\/linitiative.ca\/International\/jumia-appuie-lassociation-de-solidarite-feminine\/"},"modified":"2021-03-08T10:18:50","modified_gmt":"2021-03-08T15:18:50","slug":"jumia-appuie-lassociation-de-solidarite-feminine","status":"publish","type":"post","link":"https:\/\/linitiative.ca\/International\/jumia-appuie-lassociation-de-solidarite-feminine\/","title":{"rendered":"Jumia appuie l&rsquo;Association de solidarit\u00e9 f\u00e9minine"},"content":{"rendered":"<p class=\"rtejustify\">Jumia a conclu un partenariat avec l&rsquo;Association Solidarit\u00e9 F\u00e9minine (ASF) afin d\u2019assurer un service de livraison \u00ab\u00a0sans commission\u00a0\u00bb pour le compte du restaurant de l\u2019association.<\/p>\n<p class=\"rtejustify\">Bas\u00e9 \u00e0 Casablanca, le restaurant Solidarit\u00e9 F\u00e9minine est l\u2019un des premiers projets g\u00e9n\u00e9rateurs de revenus pour l\u2019ASF. Ce projet \u00e0 caract\u00e8re social permet de faire travailles des m\u00e8res c\u00e9libataires afin qu&rsquo;elles deviennent ind\u00e9pendantes. L&rsquo;objectif est de leur permettre d&rsquo;avoir un revenu stable et p\u00e9renne. Les m\u00e8res c\u00e9libataires y sont employ\u00e9es pour une dur\u00e9e de 3 ann\u00e9es maximum. Elles b\u00e9n\u00e9ficient de formations touchant \u00e0 la cuisine, \u00e0 la p\u00e2tisserie et au service.<\/p>\n<p>Auteur: hgueye<br \/>\n<a href=\"https:\/\/www.leconomiste.com\/flash-infos\/jumia-appuie-l-association-de-solidarite-feminine\">Cliquez ici pour lire l&rsquo;article depuis sa source.<\/a><\/p>\n","protected":false},"excerpt":{"rendered":"<p>Jumia a conclu un partenariat avec l&rsquo;Association Solidarit\u00e9 F\u00e9minine (ASF) afin d\u2019assurer un service de livraison \u00ab\u00a0sans commission\u00a0\u00bb pour le compte du restaurant de l\u2019association. Bas\u00e9 \u00e0 Casablanca, le restaurant Solidarit\u00e9 F\u00e9minine est l\u2019un des premiers projets g\u00e9n\u00e9rateurs de revenus pour l\u2019ASF. Ce projet \u00e0 caract\u00e8re social permet de faire travailles des m\u00e8res c\u00e9libataires afin [&hellip;]<\/p>\n","protected":false},"author":1763,"featured_media":0,"comment_status":"closed","ping_status":"closed","sticky":false,"template":"","format":"standard","meta":{"fifu_image_url":"","fifu_image_alt":"","footnotes":""},"categories":[78,54],"tags":[],"class_list":["post-112726","post","type-post","status-publish","format-standard","hentry","category-economie","category-maroc"],"_links":{"self":[{"href":"https:\/\/linitiative.ca\/International\/wp-json\/wp\/v2\/posts\/112726","targetHints":{"allow":["GET"]}}],"collection":[{"href":"https:\/\/linitiative.ca\/International\/wp-json\/wp\/v2\/posts"}],"about":[{"href":"https:\/\/linitiative.ca\/International\/wp-json\/wp\/v2\/types\/post"}],"author":[{"embeddable":true,"href":"https:\/\/linitiative.ca\/International\/wp-json\/wp\/v2\/users\/1763"}],"replies":[{"embeddable":true,"href":"https:\/\/linitiative.ca\/International\/wp-json\/wp\/v2\/comments?post=112726"}],"version-history":[{"count":0,"href":"https:\/\/linitiative.ca\/International\/wp-json\/wp\/v2\/posts\/112726\/revisions"}],"wp:attachment":[{"href":"https:\/\/linitiative.ca\/International\/wp-json\/wp\/v2\/media?parent=112726"}],"wp:term":[{"taxonomy":"category","embeddable":true,"href":"https:\/\/linitiative.ca\/International\/wp-json\/wp\/v2\/categories?post=112726"},{"taxonomy":"post_tag","embeddable":true,"href":"https:\/\/linitiative.ca\/International\/wp-json\/wp\/v2\/tags?post=112726"}],"curies":[{"name":"wp","href":"https:\/\/api.w.org\/{rel}","templated":true}]}}