{"id":112727,"date":"2021-03-08T10:52:18","date_gmt":"2021-03-08T15:52:18","guid":{"rendered":"https:\/\/linitiative.ca\/International\/fes-meknes-un-fonds-pour-soutenir-les-projets-industriels\/"},"modified":"2021-03-08T10:52:18","modified_gmt":"2021-03-08T15:52:18","slug":"fes-meknes-un-fonds-pour-soutenir-les-projets-industriels","status":"publish","type":"post","link":"https:\/\/linitiative.ca\/International\/fes-meknes-un-fonds-pour-soutenir-les-projets-industriels\/","title":{"rendered":"F\u00e8s-Mekn\u00e8s: Un Fonds pour soutenir les projets industriels"},"content":{"rendered":"<p class=\"rtejustify\">F\u00e8s-Mekn\u00e8s lancera prochainement un Fonds pour soutenir les projets d\u2019investissement industriels dans la r\u00e9gion. Ce fonds, dont la cr\u00e9ation a \u00e9t\u00e9 approuv\u00e9e par l\u2019Assembl\u00e9e g\u00e9n\u00e9rale de la Chambre de commerce, d\u2019industrie et de services (CCIS) de la r\u00e9gion F\u00e8s-Mekn\u00e8s, permettra d\u2019encourager et soutenir les investissements dans les activit\u00e9s industrielles favorisant la production locale de certains produits import\u00e9s pour r\u00e9pondre aux besoins des march\u00e9s r\u00e9gional et national.<\/p>\n<p class=\"rtejustify\">Ce fonds b\u00e9n\u00e9ficiera de 55 millions de DH assur\u00e9s par le Conseil r\u00e9gional et la CCIS de F\u00e8s-Mekn\u00e8s. Il financera, entre autres, les projets relatifs \u00e0 l\u2019acquisition de machines et \u00e9quipements industriels, les frais des \u00e9tudes techniques et les expertises techniques et la formation des ressources humaines n\u00e9cessaires. Les projets devront \u00eatre r\u00e9alis\u00e9s dans la r\u00e9gion dans un d\u00e9lai n\u2019exc\u00e9dant pas les 24 mois. La convention de partenariat en question lie le minist\u00e8re de l\u2019Industrie , la wilaya de la r\u00e9gion, le conseil r\u00e9gional, la CCIS et le centre r\u00e9gional d\u2019investissement (CRI).<\/p>\n<p>Auteur: hgueye<br \/>\n<a href=\"https:\/\/www.leconomiste.com\/flash-infos\/fes-meknes-un-fonds-pour-soutenir-les-projets-industriels\">Cliquez ici pour lire l&rsquo;article depuis sa source.<\/a><\/p>\n","protected":false},"excerpt":{"rendered":"<p>F\u00e8s-Mekn\u00e8s lancera prochainement un Fonds pour soutenir les projets d\u2019investissement industriels dans la r\u00e9gion. Ce fonds, dont la cr\u00e9ation a \u00e9t\u00e9 approuv\u00e9e par l\u2019Assembl\u00e9e g\u00e9n\u00e9rale de la Chambre de commerce, d\u2019industrie et de services (CCIS) de la r\u00e9gion F\u00e8s-Mekn\u00e8s, permettra d\u2019encourager et soutenir les investissements dans les activit\u00e9s industrielles favorisant la production locale de certains [&hellip;]<\/p>\n","protected":false},"author":1763,"featured_media":0,"comment_status":"closed","ping_status":"closed","sticky":false,"template":"","format":"standard","meta":{"fifu_image_url":"","fifu_image_alt":"","footnotes":""},"categories":[78,54],"tags":[],"class_list":["post-112727","post","type-post","status-publish","format-standard","hentry","category-economie","category-maroc"],"_links":{"self":[{"href":"https:\/\/linitiative.ca\/International\/wp-json\/wp\/v2\/posts\/112727","targetHints":{"allow":["GET"]}}],"collection":[{"href":"https:\/\/linitiative.ca\/International\/wp-json\/wp\/v2\/posts"}],"about":[{"href":"https:\/\/linitiative.ca\/International\/wp-json\/wp\/v2\/types\/post"}],"author":[{"embeddable":true,"href":"https:\/\/linitiative.ca\/International\/wp-json\/wp\/v2\/users\/1763"}],"replies":[{"embeddable":true,"href":"https:\/\/linitiative.ca\/International\/wp-json\/wp\/v2\/comments?post=112727"}],"version-history":[{"count":0,"href":"https:\/\/linitiative.ca\/International\/wp-json\/wp\/v2\/posts\/112727\/revisions"}],"wp:attachment":[{"href":"https:\/\/linitiative.ca\/International\/wp-json\/wp\/v2\/media?parent=112727"}],"wp:term":[{"taxonomy":"category","embeddable":true,"href":"https:\/\/linitiative.ca\/International\/wp-json\/wp\/v2\/categories?post=112727"},{"taxonomy":"post_tag","embeddable":true,"href":"https:\/\/linitiative.ca\/International\/wp-json\/wp\/v2\/tags?post=112727"}],"curies":[{"name":"wp","href":"https:\/\/api.w.org\/{rel}","templated":true}]}}