{"id":112729,"date":"2021-03-08T10:30:00","date_gmt":"2021-03-08T15:30:00","guid":{"rendered":"https:\/\/linitiative.ca\/International\/lonu-demande-la-fin-des-arrestations-arbitraires\/"},"modified":"2021-03-08T10:30:00","modified_gmt":"2021-03-08T15:30:00","slug":"lonu-demande-la-fin-des-arrestations-arbitraires","status":"publish","type":"post","link":"https:\/\/linitiative.ca\/International\/lonu-demande-la-fin-des-arrestations-arbitraires\/","title":{"rendered":"L&rsquo;ONU demande la fin des arrestations arbitraires"},"content":{"rendered":"<article about=\"\/article\/119627\/lonu-demande-la-fin-des-arrestations-arbitraires\" typeof=\"rNews:Article schema:NewsArticle\" class=\"node node-openpublish-article node-published node-not-promoted node-not-sticky author-letemps1 odd clearfix\" id=\"node-openpublish-article-119627\" readability=\"26.928191489362\">\n<p>Le Hirak d\u00e9file encore en Alg\u00e9rie<\/p>\n<footer class=\"submitted clearfix\">\n<p><span class=\"date-display-single\" property=\"dc:date\" datatype=\"xsd:dateTime\" content=\"2021-03-08T00:00:00+01:00\">Lundi 8 Mars 2021<\/span><\/p>\n<\/footer>\n<div class=\"content clearfix\" readability=\"41.881756756757\"><span class=\"print-link print_html\"><a href=\"http:\/\/www.letemps.com.tn\/print\/119627\" title=\"Display a printer-friendly version of this page.\" class=\"print-page\" onclick=\"window.open(this.href); return false\" rel=\"nofollow\"><img decoding=\"async\" class=\"print-icon\" typeof=\"foaf:Image\" src=\"http:\/\/www.letemps.com.tn\/sites\/all\/modules\/print\/icons\/print_icon.gif\" alt=\"\u0646\u0633\u062e\u0629 \u0644\u0644\u0637\u0628\u0627\u0639\u0629\" title=\"\u0646\u0633\u062e\u0629 \u0644\u0644\u0637\u0628\u0627\u0639\u0629\"\/><\/a><\/span><\/p>\n<div class=\"beacon9-social\">\n<p><iframe src=\"http:\/\/www.facebook.com\/plugins\/like.php?href=http%3A%2F%2Fwww.letemps.com.tn%2Farticle%2F119627%2Flonu-demande-la-fin-des-arrestations-arbitraires&amp;layout=button_count&amp;show_faces=false&amp;action=like&amp;font=arial&amp;colorscheme=light\" scrolling=\"no\" frameborder=\"0\" class=\"c1\" allowtransparency=\"true\">[embedded content]<\/iframe><\/p>\n<\/div>\n<div class=\"field field-name-body field-type-text-with-summary field-label-hidden field-items field-item even\" readability=\"54\">\n<p class=\"p1 c3\"><span class=\"c2\">Le Temps-Agences- Le Haut-Commissariat aux droits de l\u2019homme de l\u2019ONU se dit tr\u00e8s pr\u00e9occup\u00e9 par une \u00ab r\u00e9pression continue et croissante \u00bb contre les membres du Hirak en Alg\u00e9rie, et r\u00e9clame la fin des d\u00e9tentions arbitraires. Mi-f\u00e9vrier, les manifestants pro-d\u00e9mocratie ont repris leurs marches pacifiques, interrompues pendant un an par l\u2019\u00e9pid\u00e9mie de Covid-19. Vendredi 5 mars, ils \u00e9taient encore des milliers dans les rues. Depuis la reprise des manifestations, ils sont d\u00e9j\u00e0 des \u00ab centaines \u00bb \u00e0 avoir \u00e9t\u00e9 arr\u00eat\u00e9s. Et ils seraient \u00ab pr\u00e8s d\u2019un millier \u00bb \u00e0 avoir subi des poursuites depuis le d\u00e9but du mouvement, il y a deux ans, selon le Haut-Commissariat des Nations unies aux droits de l\u2019homme. Certains pour avoir particip\u00e9 directement aux marches pacifiques. D\u2019autres pour avoir publi\u00e9 sur les r\u00e9seaux sociaux des messages critiques \u00e0 l\u2019\u00e9gard du pouvoir.<\/span><\/p>\n<p class=\"p1 c3\"><span class=\"c2\">Parmi eux, \u00ab 32 au moins sont actuellement d\u00e9tenus \u00bb pour avoir simplement exerc\u00e9 leurs \u00ab droits fondamentaux \u00bb, s\u2019inqui\u00e8te le Haut-Commissariat. L\u2019agence onusienne r\u00e9clame leur lib\u00e9ration imm\u00e9diate et l\u2019abandon des charges qui p\u00e8sent contre eux. Elle s\u2019inqui\u00e8te aussi d\u2019avoir re\u00e7u \u00ab des all\u00e9gations de torture et de mauvais traitements en d\u00e9tention \u00bb inflig\u00e9s \u00e0 des membres du Hirak, \u00ab y compris des violences sexuelles \u00bb. Le Haut-Commissariat demande \u00e0 ce que des enqu\u00eates \u00ab impartiales et rigoureuses \u00bb soient rapidement men\u00e9es sur ces accusations. Malgr\u00e9 cette r\u00e9pression, des milliers d\u2019Alg\u00e9riens sont de nouveau descendus dans les rues vendredi 5 mars, \u00e0 Alger et dans d&rsquo;autres villes, pacifiquement comme \u00e0 leur habitude. Ils r\u00e9clament toujours un \u00ab \u00c9tat civil et non militaire \u00bb, selon l\u2019un de leur slogan.<span class=\"Apple-converted-space\">\u00a0<\/span><\/span><\/p>\n<\/div>\n<\/div>\n<\/article>\n<p>Auteur: letemps1<br \/>\n<a href=\"http:\/\/www.letemps.com.tn\/article\/119627\/lonu-demande-la-fin-des-arrestations-arbitraires\">Cliquez ici pour lire l&rsquo;article depuis sa source.<\/a><\/p>\n","protected":false},"excerpt":{"rendered":"<p>Le Hirak d\u00e9file encore en Alg\u00e9rie Lundi 8 Mars 2021 [embedded content] Le Temps-Agences- Le Haut-Commissariat aux droits de l\u2019homme de l\u2019ONU se dit tr\u00e8s pr\u00e9occup\u00e9 par une \u00ab r\u00e9pression continue et croissante \u00bb contre les membres du Hirak en Alg\u00e9rie, et r\u00e9clame la fin des d\u00e9tentions arbitraires. Mi-f\u00e9vrier, les manifestants pro-d\u00e9mocratie ont repris leurs [&hellip;]<\/p>\n","protected":false},"author":1773,"featured_media":0,"comment_status":"closed","ping_status":"closed","sticky":false,"template":"","format":"standard","meta":{"fifu_image_url":"http:\/\/www.letemps.com.tn\/sites\/all\/modules\/print\/icons\/print_icon.gif","fifu_image_alt":"<div>L'ONU demande la fin des arrestations arbitraires<\/div>","footnotes":""},"categories":[73,55],"tags":[],"class_list":["post-112729","post","type-post","status-publish","format-standard","hentry","category-actualite","category-tunisie"],"_links":{"self":[{"href":"https:\/\/linitiative.ca\/International\/wp-json\/wp\/v2\/posts\/112729","targetHints":{"allow":["GET"]}}],"collection":[{"href":"https:\/\/linitiative.ca\/International\/wp-json\/wp\/v2\/posts"}],"about":[{"href":"https:\/\/linitiative.ca\/International\/wp-json\/wp\/v2\/types\/post"}],"author":[{"embeddable":true,"href":"https:\/\/linitiative.ca\/International\/wp-json\/wp\/v2\/users\/1773"}],"replies":[{"embeddable":true,"href":"https:\/\/linitiative.ca\/International\/wp-json\/wp\/v2\/comments?post=112729"}],"version-history":[{"count":0,"href":"https:\/\/linitiative.ca\/International\/wp-json\/wp\/v2\/posts\/112729\/revisions"}],"wp:attachment":[{"href":"https:\/\/linitiative.ca\/International\/wp-json\/wp\/v2\/media?parent=112729"}],"wp:term":[{"taxonomy":"category","embeddable":true,"href":"https:\/\/linitiative.ca\/International\/wp-json\/wp\/v2\/categories?post=112729"},{"taxonomy":"post_tag","embeddable":true,"href":"https:\/\/linitiative.ca\/International\/wp-json\/wp\/v2\/tags?post=112729"}],"curies":[{"name":"wp","href":"https:\/\/api.w.org\/{rel}","templated":true}]}}