{"id":112730,"date":"2021-03-08T10:30:00","date_gmt":"2021-03-08T15:30:00","guid":{"rendered":"https:\/\/linitiative.ca\/International\/au-moins-90-morts-dans-des-combats-entre-rebelles-et-loyalistes-au-yemen\/"},"modified":"2021-03-08T10:30:00","modified_gmt":"2021-03-08T15:30:00","slug":"au-moins-90-morts-dans-des-combats-entre-rebelles-et-loyalistes-au-yemen","status":"publish","type":"post","link":"https:\/\/linitiative.ca\/International\/au-moins-90-morts-dans-des-combats-entre-rebelles-et-loyalistes-au-yemen\/","title":{"rendered":"Au moins 90 morts  dans des combats entre rebelles et loyalistes au Y\u00e9men"},"content":{"rendered":"<p class=\"p1 c3\"><span class=\"c2\"><strong>Le Temps-Agences- De violents combats ont tu\u00e9 au moins 90 combattants au cours des derni\u00e8res 24 heures dans la r\u00e9gion p\u00e9troli\u00e8re strat\u00e9gique de Marib, dans le nord du Y\u00e9men, que les rebelles Houthis tentent d&rsquo;arracher depuis un mois aux forces loyalistes, selon des sources militaires gouvernementales.<\/strong><\/span><\/p>\n<p class=\"p1 c4\"><span class=\"c2\">Soutenus par l&rsquo;Iran, les rebelles ont lanc\u00e9 d\u00e9but f\u00e9vrier une nouvelle offensive pour s&#8217;emparer de Marib, dernier bastion dans le nord des forces gouvernementales, appuy\u00e9es elles par une coalition militaire dirig\u00e9e par l&rsquo;Arabie saoudite.<\/span><\/p>\n<p class=\"p1 c4\"><span class=\"c2\">Au moins 90 combattants, dont 32 parmi les forces gouvernementales et les tribus loyalistes, ont \u00e9t\u00e9 tu\u00e9s lors d&rsquo;affrontements avec les rebelles Houthis et les raids de la coalition de vendredi \u00e0 samedi, ont indiqu\u00e9 \u00e0 l&rsquo;AFP des sources militaires au sein du pouvoir.<\/span><\/p>\n<p class=\"p1 c4\"><span class=\"c2\">Selon elles, des affrontements particuli\u00e8rement violents ont \u00e9clat\u00e9 sur six fronts, les forces gouvernementales ayant pu contrer les attaques des Houthis qui n&rsquo;ont r\u00e9ussi \u00e0 avancer que sur le front de Kassara, au nord-ouest de la ville de Marib.<\/span><\/p>\n<p class=\"p1 c4\"><span class=\"c2\">Les combats ont \u00e9galement fait des dizaines de bless\u00e9s, ont ajout\u00e9 ces sources.<\/span><\/p>\n<p class=\"p1 c4\"><span class=\"c2\">L&rsquo;aviation saoudienne a men\u00e9 plusieurs frappes contre des cibles des Houthis sur plusieurs fronts, tuant au moins 58 rebelles et blessant des dizaines d&rsquo;autres, selon ces sources.<\/span><\/p>\n<p class=\"p1 c4\"><span class=\"c2\">Les rebelles, qui communiquent rarement sur les pertes dans leurs rangs, n&rsquo;ont pas confirm\u00e9. En plus de six ans de guerre, leurs forces ont r\u00e9ussi \u00e0 prendre le contr\u00f4le d&rsquo;une grande partie du nord du Y\u00e9men, dont la capitale historique Sanaa.<\/span><\/p>\n<p class=\"p1 c4\"><span class=\"c2\">La prise de Marib constituerait un revers cuisant pour le pouvoir y\u00e9m\u00e9nite et son alli\u00e9 saoudien. En parall\u00e8le \u00e0 leurs assauts sur Marib, les Houthis ont multipli\u00e9 les attaques visant le puissant royaume voisin.<\/span><\/p>\n<p class=\"p1 c4\"><span class=\"c2\">Vendredi, des \u00e9clats d&rsquo;obus de drones lanc\u00e9s par les Houthis et intercept\u00e9s par les Saoudiens ont bless\u00e9 deux civils, dont \u00ab\u00a0un enfant de dix ans\u00a0\u00bb dans le sud-ouest du royaume, selon l&rsquo;agence de presse officielle SPA.<\/span><\/p>\n<p class=\"p1 c4\"><span class=\"c2\">Les Etats-Unis ont exhort\u00e9 les Houthis \u00e0 la d\u00e9sescalade, alors que l&rsquo;ONU craint \u00e0 Marib et dans tout le Y\u00e9men une aggravation de la crise humanitaire, d\u00e9j\u00e0 la pire au monde selon elle.<\/span><\/p>\n<p class=\"p1 c3\">\u00a0<\/p>\n<p class=\"p1 c4\"><span class=\"c2\">Lors d&rsquo;une r\u00e9union virtuelle des donateurs lundi, elle n&rsquo;a r\u00e9colt\u00e9 que 1,7 milliard de dollars, sur les 3,85 milliards esp\u00e9r\u00e9s pour financer l&rsquo;aide humanitaire. Une \u00ab\u00a0peine de mort\u00a0\u00bb pour une population qui n&rsquo;est qu&rsquo;\u00e0 \u00ab\u00a0un pas\u00a0\u00bb d&rsquo;une famine majeure, selon les responsables onusiens.<\/span><\/p>\n<p>Auteur: letemps1<br \/>\n<a href=\"http:\/\/www.letemps.com.tn\/article\/119628\/au-moins-90-morts-dans-des-combats-entre-rebelles-et-loyalistes-au-y%C3%A9men\">Cliquez ici pour lire l&rsquo;article depuis sa source.<\/a><\/p>\n","protected":false},"excerpt":{"rendered":"<p>Le Temps-Agences- De violents combats ont tu\u00e9 au moins 90 combattants au cours des derni\u00e8res 24 heures dans la r\u00e9gion p\u00e9troli\u00e8re strat\u00e9gique de Marib, dans le nord du Y\u00e9men, que les rebelles Houthis tentent d&rsquo;arracher depuis un mois aux forces loyalistes, selon des sources militaires gouvernementales. Soutenus par l&rsquo;Iran, les rebelles ont lanc\u00e9 d\u00e9but f\u00e9vrier [&hellip;]<\/p>\n","protected":false},"author":1773,"featured_media":0,"comment_status":"closed","ping_status":"closed","sticky":false,"template":"","format":"standard","meta":{"fifu_image_url":"","fifu_image_alt":"","footnotes":""},"categories":[73,55],"tags":[],"class_list":["post-112730","post","type-post","status-publish","format-standard","hentry","category-actualite","category-tunisie"],"_links":{"self":[{"href":"https:\/\/linitiative.ca\/International\/wp-json\/wp\/v2\/posts\/112730","targetHints":{"allow":["GET"]}}],"collection":[{"href":"https:\/\/linitiative.ca\/International\/wp-json\/wp\/v2\/posts"}],"about":[{"href":"https:\/\/linitiative.ca\/International\/wp-json\/wp\/v2\/types\/post"}],"author":[{"embeddable":true,"href":"https:\/\/linitiative.ca\/International\/wp-json\/wp\/v2\/users\/1773"}],"replies":[{"embeddable":true,"href":"https:\/\/linitiative.ca\/International\/wp-json\/wp\/v2\/comments?post=112730"}],"version-history":[{"count":0,"href":"https:\/\/linitiative.ca\/International\/wp-json\/wp\/v2\/posts\/112730\/revisions"}],"wp:attachment":[{"href":"https:\/\/linitiative.ca\/International\/wp-json\/wp\/v2\/media?parent=112730"}],"wp:term":[{"taxonomy":"category","embeddable":true,"href":"https:\/\/linitiative.ca\/International\/wp-json\/wp\/v2\/categories?post=112730"},{"taxonomy":"post_tag","embeddable":true,"href":"https:\/\/linitiative.ca\/International\/wp-json\/wp\/v2\/tags?post=112730"}],"curies":[{"name":"wp","href":"https:\/\/api.w.org\/{rel}","templated":true}]}}