{"id":112733,"date":"2021-03-08T10:30:00","date_gmt":"2021-03-08T15:30:00","guid":{"rendered":"https:\/\/linitiative.ca\/International\/appel-a-la-coexistence-entre-les-communautes-religieuses-en-irak\/"},"modified":"2021-03-08T10:30:00","modified_gmt":"2021-03-08T15:30:00","slug":"appel-a-la-coexistence-entre-les-communautes-religieuses-en-irak","status":"publish","type":"post","link":"https:\/\/linitiative.ca\/International\/appel-a-la-coexistence-entre-les-communautes-religieuses-en-irak\/","title":{"rendered":"Appel \u00e0 la coexistence entre  les communaut\u00e9s religieuses en Irak"},"content":{"rendered":"<p class=\"p1 c4\"><span class=\"c3\"><strong><span class=\"s1 c2\">Le Temps- Agences-Le<\/span> pape Fran\u00e7ois a commenc\u00e9 \u00e0 c\u00e9l\u00e9brer hier \u00e0 Bagdad la premi\u00e8re messe publique de son voyage en Irak devant une assembl\u00e9e de fid\u00e8les et d&rsquo;officiels clairsem\u00e9e en raison de la pand\u00e9mie de coronavirus, ont constat\u00e9 des journalistes.<\/strong><\/span><\/p>\n<p class=\"p1 c5\"><span class=\"c3\">Avec cette messe papale in\u00e9dite en Irak en l&rsquo;\u00e9glise Saint Joseph dans le centre de Bagdad, le souverain pontife de 84 ans prononce sa premi\u00e8re messe de rite oriental traduite en arabe et en aram\u00e9en.<\/span><\/p>\n<p class=\"p1 c5\"><span class=\"c3\">Par ailleurs, le pape Fran\u00e7ois a rencontr\u00e9 le grand ayatollah Ali al Sistani hier en Irak, appelant \u00e0 la coexistence dans un pays divis\u00e9 par le sectarisme et la violence.<\/span><\/p>\n<p class=\"p1 c5\"><span class=\"c3\">C&rsquo;est la premi\u00e8re fois qu&rsquo;un pape rend visite \u00e0 un si haut dignitaire chiite.<\/span><\/p>\n<p class=\"p1 c5\"><span class=\"c3\">Le souverain pontife a \u00e9voqu\u00e9 lors de cet entretien \u00ab\u00a0l&rsquo;importance de la collaboration et de l&rsquo;amiti\u00e9 entre les communaut\u00e9s religieuses afin qu&rsquo;en cultivant le respect r\u00e9ciproque et le dialogue, on puisse contribuer au bien de l&rsquo;Irak, de la r\u00e9gion et de l&rsquo;humanit\u00e9 enti\u00e8re\u00a0\u00bb, selon un communiqu\u00e9 diffus\u00e9 par la Vatican apr\u00e8s la rencontre, qui a dur\u00e9 environ 45 minutes.<\/span><\/p>\n<p class=\"p1 c5\"><span class=\"c3\">Ali al Sistani a pour sa part estim\u00e9 dans un communiqu\u00e9 que \u00ab\u00a0les dirigeants religieux et spirituels (devaient) jouer un grand r\u00f4le pour mettre un terme \u00e0 la trag\u00e9die (&#8230;) et exhorter les parties, en particulier les grandes puissances, \u00e0 faire pr\u00e9valoir la sagesse et le bon sens et \u00e0 effacer le langage de la guerre\u00a0\u00bb.<\/span><\/p>\n<p class=\"p1 c5\"><span class=\"c3\">Les grandes puissances ne doivent pas privil\u00e9gier \u00ab\u00a0leur propre int\u00e9r\u00eat au d\u00e9triment du droit des gens \u00e0 vivre dans la libert\u00e9 et la dignit\u00e9\u00a0\u00bb, a-t-il dit, ajoutant que les chr\u00e9tiens devraient vivre comme tous les Irakiens dans la paix et la coexistence.<\/span><\/p>\n<p class=\"p1 c5\"><span class=\"c3\">Le pape Fran\u00e7ois, 84 ans, s&rsquo;est d\u00e9j\u00e0 rendu dans de nombreux pays musulmans comme la Turquie, la Jordanie, l&rsquo;Egypte, le Bangladesh, l&rsquo;Azerba\u00efdjan, les Emirats Arabes Unis ou les territoires palestiniens, appelant \u00e0 chaque fois \u00e0 un dialogue interreligieux.<\/span><\/p>\n<p class=\"p1 c5\"><span class=\"c3\">Ali al Sistani, \u00e2g\u00e9 de 90 ans, est l&rsquo;une des figures majeures de l&rsquo;islam chiite. Alors qu&rsquo;il a d\u00e9j\u00e0 refus\u00e9 de s&rsquo;entretenir avec des Premiers ministres irakiens, il a accept\u00e9 de rencontrer le pape Fran\u00e7ois \u00e0 la condition qu&rsquo;aucun repr\u00e9sentant officiel irakien ne soit pr\u00e9sent, a r\u00e9v\u00e9l\u00e9 une source du bureau pr\u00e9sidentiel.<\/span><\/p>\n<p class=\"p1 c5\"><span class=\"c3\">La rencontre s&rsquo;est d\u00e9roul\u00e9e dans la ville m\u00e9ridionale de Nadjaf, o\u00f9 r\u00e9side le grand ayatollah.<\/span><\/p>\n<p class=\"p1 c4\">\u00a0<\/p>\n<p class=\"p1 c5\"><span class=\"c3\">Le pape s&rsquo;est ensuite rendu \u00e0 Ur, lieu de naissance du proph\u00e8te Abraham, v\u00e9n\u00e9r\u00e9 \u00e0 la fois par les chr\u00e9tiens, les musulmans et les juifs.<\/span><\/p>\n<p>Auteur: letemps1<br \/>\n<a href=\"http:\/\/www.letemps.com.tn\/article\/119631\/appel-%C3%A0-la-coexistence-entre-les-communaut%C3%A9s-religieuses-en-irak\">Cliquez ici pour lire l&rsquo;article depuis sa source.<\/a><\/p>\n","protected":false},"excerpt":{"rendered":"<p>Le Temps- Agences-Le pape Fran\u00e7ois a commenc\u00e9 \u00e0 c\u00e9l\u00e9brer hier \u00e0 Bagdad la premi\u00e8re messe publique de son voyage en Irak devant une assembl\u00e9e de fid\u00e8les et d&rsquo;officiels clairsem\u00e9e en raison de la pand\u00e9mie de coronavirus, ont constat\u00e9 des journalistes. Avec cette messe papale in\u00e9dite en Irak en l&rsquo;\u00e9glise Saint Joseph dans le centre de [&hellip;]<\/p>\n","protected":false},"author":1773,"featured_media":0,"comment_status":"closed","ping_status":"closed","sticky":false,"template":"","format":"standard","meta":{"fifu_image_url":"","fifu_image_alt":"","footnotes":""},"categories":[73,55],"tags":[],"class_list":["post-112733","post","type-post","status-publish","format-standard","hentry","category-actualite","category-tunisie"],"_links":{"self":[{"href":"https:\/\/linitiative.ca\/International\/wp-json\/wp\/v2\/posts\/112733","targetHints":{"allow":["GET"]}}],"collection":[{"href":"https:\/\/linitiative.ca\/International\/wp-json\/wp\/v2\/posts"}],"about":[{"href":"https:\/\/linitiative.ca\/International\/wp-json\/wp\/v2\/types\/post"}],"author":[{"embeddable":true,"href":"https:\/\/linitiative.ca\/International\/wp-json\/wp\/v2\/users\/1773"}],"replies":[{"embeddable":true,"href":"https:\/\/linitiative.ca\/International\/wp-json\/wp\/v2\/comments?post=112733"}],"version-history":[{"count":0,"href":"https:\/\/linitiative.ca\/International\/wp-json\/wp\/v2\/posts\/112733\/revisions"}],"wp:attachment":[{"href":"https:\/\/linitiative.ca\/International\/wp-json\/wp\/v2\/media?parent=112733"}],"wp:term":[{"taxonomy":"category","embeddable":true,"href":"https:\/\/linitiative.ca\/International\/wp-json\/wp\/v2\/categories?post=112733"},{"taxonomy":"post_tag","embeddable":true,"href":"https:\/\/linitiative.ca\/International\/wp-json\/wp\/v2\/tags?post=112733"}],"curies":[{"name":"wp","href":"https:\/\/api.w.org\/{rel}","templated":true}]}}