{"id":112734,"date":"2021-03-08T15:14:04","date_gmt":"2021-03-08T20:14:04","guid":{"rendered":"https:\/\/linitiative.ca\/International\/afrique-coupe-de-la-caf-la-jsk-recupere-trois-blesses-avant-daccueillir-le-coton-sport\/"},"modified":"2021-03-08T15:14:04","modified_gmt":"2021-03-08T20:14:04","slug":"afrique-coupe-de-la-caf-la-jsk-recupere-trois-blesses-avant-daccueillir-le-coton-sport","status":"publish","type":"post","link":"https:\/\/linitiative.ca\/International\/afrique-coupe-de-la-caf-la-jsk-recupere-trois-blesses-avant-daccueillir-le-coton-sport\/","title":{"rendered":"Afrique : Coupe de la CAF: la JSK r\u00e9cup\u00e8re trois bless\u00e9s avant d&rsquo;accueillir le Coton Sport"},"content":{"rendered":"<div readability=\"32\">\n<p>Auteur : <span>APS<\/span> <span class=\"time\">lundi 08 mars 2021 18:13<\/span><\/p>\n<\/div>\n<div id=\"post_core\" readability=\"49\">\n<p>La JS Kabylie a r\u00e9cup\u00e9r\u00e9 trois joueurs bless\u00e9s en pr\u00e9vision de son prochain match contre le Coton Sport Garoua, pr\u00e9vu mercredi (20h00) au stade du 1er-Novembre, pour le compte de la premi\u00e8re journ\u00e9e de la phase de poules de la Coupe de la Conf\u00e9d\u00e9ration de football, groupe\u00a0 B. Il s&rsquo;agit de l&rsquo;attaquant Kaddour Ch\u00e9rif, du milieu de terrain Mohamed Bencha\u00efra et du d\u00e9fenseur Badreddine Souyad, ayant tous repris du service en ce d\u00e9but de semaine et qui\u00a0 \u00ab\u00a0seront op\u00e9rationnel\u00a0\u00bb pour la r\u00e9ception du repr\u00e9sentant camerounais. Bless\u00e9 contre l&rsquo;USM Alger, Kaddour Ch\u00e9rif a \u00e9t\u00e9 le premier \u00e0 r\u00e9int\u00e9grer le groupe d\u00e8s samedi, alors que ses co\u00e9quipiers Bencha\u00efra et Souyad lui ont embo\u00eet\u00e9 le pas le lendemain, \u00e0 l&rsquo;occasion de la s\u00e9ance d&rsquo;entra\u00eenement effectu\u00e9e dimanche apr\u00e8s-midi, au stade du 1er-Novembre. Bencha\u00efra qui s&rsquo;\u00e9tait bless\u00e9 au nez lors du pr\u00e9c\u00e9dent match de championnat contre l&rsquo;Olympique de M\u00e9d\u00e9a (ndlr, victoire 2-1), et \u00e9tant donn\u00e9 que les examens m\u00e9dicaux pass\u00e9s dans la foul\u00e9e n&rsquo;ont rien r\u00e9v\u00e9l\u00e9 de grave, ce joueur a re\u00e7u le feu vert du staff m\u00e9dical pour r\u00e9int\u00e9grer le groupe. De son c\u00f4t\u00e9, le d\u00e9fenseur Badreddine Souyad s&rsquo;\u00e9tait content\u00e9 d&rsquo;un entra\u00eenement sp\u00e9cifique, mais il devrait pouvoir r\u00e9int\u00e9grer le groupe \u00e0 partir de ce lundi.<\/p>\n<p><strong>Publi\u00e9 dans :<\/strong> <span>JSK<\/span><\/p>\n<\/div>\n<p>Auteur:<br \/>\n<a href=\"http:\/\/www.lebuteur.com\/article\/detail?titre=coupe-de-la-caf-la-jsk-recupere-trois-blesses-avant-daccueillir-le-coton-sport&#038;id=99322&#038;utm_source=feedburner&#038;utm_medium=feed&#038;utm_campaign=Feed%3A+GalerieFArtciles+%28Les+derniers+articles++-+lebuteur.com%29\">Cliquez ici pour lire l&rsquo;article depuis sa source.<\/a><\/p>\n","protected":false},"excerpt":{"rendered":"<p>Auteur : APS lundi 08 mars 2021 18:13 La JS Kabylie a r\u00e9cup\u00e9r\u00e9 trois joueurs bless\u00e9s en pr\u00e9vision de son prochain match contre le Coton Sport Garoua, pr\u00e9vu mercredi (20h00) au stade du 1er-Novembre, pour le compte de la premi\u00e8re journ\u00e9e de la phase de poules de la Coupe de la Conf\u00e9d\u00e9ration de football, groupe\u00a0 [&hellip;]<\/p>\n","protected":false},"author":1738,"featured_media":0,"comment_status":"closed","ping_status":"closed","sticky":false,"template":"","format":"standard","meta":{"fifu_image_url":"\/\/cdn.lebuteur.com\/data\/images\/article\/thumbs\/large-coupe-de-la-caf-la-jsk-recupere-trois-blesses-avant-daccueillir-le-coton-sport-d10b1.jpg","fifu_image_alt":"Afrique : Coupe de la CAF: la JSK r\u00e9cup\u00e8re trois bless\u00e9s avant d'accueillir le Coton Sport","footnotes":""},"categories":[53,75],"tags":[],"class_list":["post-112734","post","type-post","status-publish","format-standard","hentry","category-algerie","category-sport"],"_links":{"self":[{"href":"https:\/\/linitiative.ca\/International\/wp-json\/wp\/v2\/posts\/112734","targetHints":{"allow":["GET"]}}],"collection":[{"href":"https:\/\/linitiative.ca\/International\/wp-json\/wp\/v2\/posts"}],"about":[{"href":"https:\/\/linitiative.ca\/International\/wp-json\/wp\/v2\/types\/post"}],"author":[{"embeddable":true,"href":"https:\/\/linitiative.ca\/International\/wp-json\/wp\/v2\/users\/1738"}],"replies":[{"embeddable":true,"href":"https:\/\/linitiative.ca\/International\/wp-json\/wp\/v2\/comments?post=112734"}],"version-history":[{"count":0,"href":"https:\/\/linitiative.ca\/International\/wp-json\/wp\/v2\/posts\/112734\/revisions"}],"wp:attachment":[{"href":"https:\/\/linitiative.ca\/International\/wp-json\/wp\/v2\/media?parent=112734"}],"wp:term":[{"taxonomy":"category","embeddable":true,"href":"https:\/\/linitiative.ca\/International\/wp-json\/wp\/v2\/categories?post=112734"},{"taxonomy":"post_tag","embeddable":true,"href":"https:\/\/linitiative.ca\/International\/wp-json\/wp\/v2\/tags?post=112734"}],"curies":[{"name":"wp","href":"https:\/\/api.w.org\/{rel}","templated":true}]}}