{"id":112736,"date":"2021-03-08T15:14:09","date_gmt":"2021-03-08T20:14:09","guid":{"rendered":"https:\/\/linitiative.ca\/International\/pros-man-city-mahrez-meilleur-joueur-du-mois-de-fevrier\/"},"modified":"2021-03-08T15:14:09","modified_gmt":"2021-03-08T20:14:09","slug":"pros-man-city-mahrez-meilleur-joueur-du-mois-de-fevrier","status":"publish","type":"post","link":"https:\/\/linitiative.ca\/International\/pros-man-city-mahrez-meilleur-joueur-du-mois-de-fevrier\/","title":{"rendered":"Pros : Man City: Mahrez meilleur joueur du mois de f\u00e9vrier"},"content":{"rendered":"<div readability=\"32\">\n<p>Auteur : <span>Moumen A.<\/span> <span class=\"time\">lundi 08 mars 2021 19:42<\/span><\/p>\n<\/div>\n<div id=\"post_core\" readability=\"50\">\n<p>Ce lundi plusieurs sites espagnols ont de nouveau \u00e9voqu\u00e9 l\u2019int\u00e9r\u00eat de l\u2019entraineur du Real Madrid Zinedine Zidane pour l\u2019international alg\u00e9rien de Manchester City Riyad Mahrez. Tr\u00e8s bon ces derni\u00e8res semaines avec son club, et surtout d\u00e9cisif, Riyad qui s\u2019est distingu\u00e9 lors des 5 derniers matchs comme titulaire avec les Citizens serait l\u2019une des priorit\u00e9s du club madril\u00e8ne, avance surtout Footmercato.<\/p>\n<p><strong>Les Citizens l\u2019ont \u00e9lu joueur du mois de f\u00e9vrier<\/strong><\/p>\n<p>Dans un vote lanc\u00e9 sur le site internet du club anglais de Manchester City, l\u2019Alg\u00e9rien Riyad Mahrez \u00e9t\u00e9 \u00e9lu haut la main meilleur joueur du mois par les supporteurs des Citizens. Une distinction m\u00e9rit\u00e9e pour le capitaine d\u2019\u00e9quipe des Verts.\u00a0 Sur pr\u00e8s de 30 000 votes enregistr\u00e9s au total, Mahrez a remport\u00e9 79% du scrutin, devant Bernardo Silva deuxi\u00e8me et Rodrigo troisi\u00e8me. <strong>Moumen A.<\/strong><\/p>\n<p><strong>Publi\u00e9 dans :<\/strong> <span>Belmadi<\/span> <span>Riyad Mahrez<\/span><\/p>\n<\/div>\n<p>Auteur:<br \/>\n<a href=\"http:\/\/www.lebuteur.com\/article\/detail?titre=man-city-mahrez-meilleur-joueur-du-mois-de-fevrier&#038;id=99324&#038;utm_source=feedburner&#038;utm_medium=feed&#038;utm_campaign=Feed%3A+GalerieFArtciles+%28Les+derniers+articles++-+lebuteur.com%29\">Cliquez ici pour lire l&rsquo;article depuis sa source.<\/a><\/p>\n","protected":false},"excerpt":{"rendered":"<p>Auteur : Moumen A. lundi 08 mars 2021 19:42 Ce lundi plusieurs sites espagnols ont de nouveau \u00e9voqu\u00e9 l\u2019int\u00e9r\u00eat de l\u2019entraineur du Real Madrid Zinedine Zidane pour l\u2019international alg\u00e9rien de Manchester City Riyad Mahrez. Tr\u00e8s bon ces derni\u00e8res semaines avec son club, et surtout d\u00e9cisif, Riyad qui s\u2019est distingu\u00e9 lors des 5 derniers matchs comme [&hellip;]<\/p>\n","protected":false},"author":1738,"featured_media":0,"comment_status":"closed","ping_status":"closed","sticky":false,"template":"","format":"standard","meta":{"fifu_image_url":"\/\/cdn.lebuteur.com\/data\/images\/article\/thumbs\/large-mahrez-meilleur-joueur-du-mois-de-fevrier-ba907.jpg","fifu_image_alt":"Pros : Man City: Mahrez meilleur joueur du mois de f\u00e9vrier","footnotes":""},"categories":[53,75],"tags":[],"class_list":["post-112736","post","type-post","status-publish","format-standard","hentry","category-algerie","category-sport"],"_links":{"self":[{"href":"https:\/\/linitiative.ca\/International\/wp-json\/wp\/v2\/posts\/112736","targetHints":{"allow":["GET"]}}],"collection":[{"href":"https:\/\/linitiative.ca\/International\/wp-json\/wp\/v2\/posts"}],"about":[{"href":"https:\/\/linitiative.ca\/International\/wp-json\/wp\/v2\/types\/post"}],"author":[{"embeddable":true,"href":"https:\/\/linitiative.ca\/International\/wp-json\/wp\/v2\/users\/1738"}],"replies":[{"embeddable":true,"href":"https:\/\/linitiative.ca\/International\/wp-json\/wp\/v2\/comments?post=112736"}],"version-history":[{"count":0,"href":"https:\/\/linitiative.ca\/International\/wp-json\/wp\/v2\/posts\/112736\/revisions"}],"wp:attachment":[{"href":"https:\/\/linitiative.ca\/International\/wp-json\/wp\/v2\/media?parent=112736"}],"wp:term":[{"taxonomy":"category","embeddable":true,"href":"https:\/\/linitiative.ca\/International\/wp-json\/wp\/v2\/categories?post=112736"},{"taxonomy":"post_tag","embeddable":true,"href":"https:\/\/linitiative.ca\/International\/wp-json\/wp\/v2\/tags?post=112736"}],"curies":[{"name":"wp","href":"https:\/\/api.w.org\/{rel}","templated":true}]}}