{"id":112737,"date":"2021-03-08T15:14:10","date_gmt":"2021-03-08T20:14:10","guid":{"rendered":"https:\/\/linitiative.ca\/International\/pros-nice-nouvelle-blessure-pour-youcef-atal\/"},"modified":"2021-03-08T15:14:10","modified_gmt":"2021-03-08T20:14:10","slug":"pros-nice-nouvelle-blessure-pour-youcef-atal","status":"publish","type":"post","link":"https:\/\/linitiative.ca\/International\/pros-nice-nouvelle-blessure-pour-youcef-atal\/","title":{"rendered":"Pros : Nice : Nouvelle blessure pour Youcef Atal"},"content":{"rendered":"<div readability=\"32\">\n<p>Auteur : <span class=\"time\">lundi 08 mars 2021 20:21<\/span><\/p>\n<\/div>\n<div id=\"post_core\" readability=\"37\">\n<p>En effet, alors qu&rsquo;il figurait bien dans le groupe pour affronter l&rsquo;AS Monaco ce lundi soir \u00e0 l&rsquo;occasion des 8es de finale\u00a0de Coupe de France, Youcef Atal a finalement d\u00e9clar\u00e9 forfait \u00e0 cause d&rsquo;une l\u00e9sion \u00e0 l&rsquo;adducteur. L&rsquo;OGC Nice n&rsquo;a toutefois pas communiqu\u00e9 la dur\u00e9e de son indisponibilit\u00e9.<\/p>\n<p><img decoding=\"async\" alt=\"\" src=\"https:\/\/zupimages.net\/up\/21\/10\/orw5.png\" class=\"c2\"\/><\/p>\n<p><strong>Publi\u00e9 dans :<\/strong> <span>Nice<\/span><\/p>\n<\/div>\n<p>Auteur:<br \/>\n<a href=\"http:\/\/www.lebuteur.com\/article\/detail?titre=nice-nouvelle-blessure-pour-youcef-atal&#038;id=99325&#038;utm_source=feedburner&#038;utm_medium=feed&#038;utm_campaign=Feed%3A+GalerieFArtciles+%28Les+derniers+articles++-+lebuteur.com%29\">Cliquez ici pour lire l&rsquo;article depuis sa source.<\/a><\/p>\n","protected":false},"excerpt":{"rendered":"<p>Auteur : lundi 08 mars 2021 20:21 En effet, alors qu&rsquo;il figurait bien dans le groupe pour affronter l&rsquo;AS Monaco ce lundi soir \u00e0 l&rsquo;occasion des 8es de finale\u00a0de Coupe de France, Youcef Atal a finalement d\u00e9clar\u00e9 forfait \u00e0 cause d&rsquo;une l\u00e9sion \u00e0 l&rsquo;adducteur. L&rsquo;OGC Nice n&rsquo;a toutefois pas communiqu\u00e9 la dur\u00e9e de son indisponibilit\u00e9. [&hellip;]<\/p>\n","protected":false},"author":1738,"featured_media":0,"comment_status":"closed","ping_status":"closed","sticky":false,"template":"","format":"standard","meta":{"fifu_image_url":"\/\/cdn.lebuteur.com\/data\/images\/article\/thumbs\/large-nice-nouvelle-blessure-pour-youcef-atal-22f46.jpg","fifu_image_alt":"Pros : Nice : Nouvelle blessure pour Youcef Atal","footnotes":""},"categories":[53,75],"tags":[],"class_list":["post-112737","post","type-post","status-publish","format-standard","hentry","category-algerie","category-sport"],"_links":{"self":[{"href":"https:\/\/linitiative.ca\/International\/wp-json\/wp\/v2\/posts\/112737","targetHints":{"allow":["GET"]}}],"collection":[{"href":"https:\/\/linitiative.ca\/International\/wp-json\/wp\/v2\/posts"}],"about":[{"href":"https:\/\/linitiative.ca\/International\/wp-json\/wp\/v2\/types\/post"}],"author":[{"embeddable":true,"href":"https:\/\/linitiative.ca\/International\/wp-json\/wp\/v2\/users\/1738"}],"replies":[{"embeddable":true,"href":"https:\/\/linitiative.ca\/International\/wp-json\/wp\/v2\/comments?post=112737"}],"version-history":[{"count":0,"href":"https:\/\/linitiative.ca\/International\/wp-json\/wp\/v2\/posts\/112737\/revisions"}],"wp:attachment":[{"href":"https:\/\/linitiative.ca\/International\/wp-json\/wp\/v2\/media?parent=112737"}],"wp:term":[{"taxonomy":"category","embeddable":true,"href":"https:\/\/linitiative.ca\/International\/wp-json\/wp\/v2\/categories?post=112737"},{"taxonomy":"post_tag","embeddable":true,"href":"https:\/\/linitiative.ca\/International\/wp-json\/wp\/v2\/tags?post=112737"}],"curies":[{"name":"wp","href":"https:\/\/api.w.org\/{rel}","templated":true}]}}