{"id":112738,"date":"2021-03-08T15:14:12","date_gmt":"2021-03-08T20:14:12","guid":{"rendered":"https:\/\/linitiative.ca\/International\/equipe-dalgerie-teji-savanier-je-peux-jouer-avec-lalgerie-mais\/"},"modified":"2021-03-08T15:14:12","modified_gmt":"2021-03-08T20:14:12","slug":"equipe-dalgerie-teji-savanier-je-peux-jouer-avec-lalgerie-mais","status":"publish","type":"post","link":"https:\/\/linitiative.ca\/International\/equipe-dalgerie-teji-savanier-je-peux-jouer-avec-lalgerie-mais\/","title":{"rendered":"Equipe d&rsquo;Alg\u00e9rie : T\u00e9ji Savanier: \u00abJe peux jouer avec l\u2019Alg\u00e9rie, mais\u2026\u00bb"},"content":{"rendered":"<div readability=\"32\">\n<p>Auteur : <span>Riad O.<\/span> <span class=\"time\">lundi 08 mars 2021 21:07<\/span><\/p>\n<\/div>\n<div id=\"post_core\" readability=\"49\">\n<p>Le joueur milieu de terrain fran\u00e7ais de Montpellier, T\u00e9ji Savanier a affirm\u00e9 qu\u2019il peut jouer pour\u2026 l\u2019EN. Invit\u00e9 de l\u2019\u00e9mission 100% Paillade sur France Bleu H\u00e9rault, le co\u00e9quipier d\u2019Andy Delort \u00e0 Montpllier dira \u00e0 ce sujet\u00a0:\u00a0\u00abJe peux \u00eatre aussi avec l&rsquo;Alg\u00e9rie, parce que j&rsquo;ai un grand-p\u00e8re qui est n\u00e9 an Alg\u00e9rie. Est-ce que j&rsquo;y pense ? Franchement, non. Comme je l&rsquo;ai dit, je me consacre \u00e0 mon club, \u00e0 essayer de tout donner. Apr\u00e8s, on verra (&#8230;) Avec Andy (Delort), on en parle de temps en temps. Mais comme je vous l&rsquo;ai dit, ce n&rsquo;est pas un objectif. Moi, c&rsquo;est de rester ici, de faire mes matchs, apr\u00e8s on verra.\u00bb<\/p>\n<p><span class=\"c2\"><strong>Riad O.<\/strong><\/span><\/p>\n<p><strong>Publi\u00e9 dans :<\/strong> <span>T\u00e9ji Savanier<\/span><\/p>\n<\/div>\n<p>Auteur:<br \/>\n<a href=\"http:\/\/www.lebuteur.com\/article\/detail?titre=teji-savanier-je-peux-jouer-avec-lalgerie-mais%E2%80%A6&#038;id=99326&#038;utm_source=feedburner&#038;utm_medium=feed&#038;utm_campaign=Feed%3A+GalerieFArtciles+%28Les+derniers+articles++-+lebuteur.com%29\">Cliquez ici pour lire l&rsquo;article depuis sa source.<\/a><\/p>\n","protected":false},"excerpt":{"rendered":"<p>Auteur : Riad O. lundi 08 mars 2021 21:07 Le joueur milieu de terrain fran\u00e7ais de Montpellier, T\u00e9ji Savanier a affirm\u00e9 qu\u2019il peut jouer pour\u2026 l\u2019EN. Invit\u00e9 de l\u2019\u00e9mission 100% Paillade sur France Bleu H\u00e9rault, le co\u00e9quipier d\u2019Andy Delort \u00e0 Montpllier dira \u00e0 ce sujet\u00a0:\u00a0\u00abJe peux \u00eatre aussi avec l&rsquo;Alg\u00e9rie, parce que j&rsquo;ai un grand-p\u00e8re [&hellip;]<\/p>\n","protected":false},"author":1738,"featured_media":0,"comment_status":"closed","ping_status":"closed","sticky":false,"template":"","format":"standard","meta":{"fifu_image_url":"\/\/cdn.lebuteur.com\/data\/images\/article\/thumbs\/large-teji-savanier-je-peux-jouer-avec-lalgerie-mais\u2026-29e48.jpg","fifu_image_alt":"Equipe d'Alg\u00e9rie : T\u00e9ji Savanier: \u00abJe peux jouer avec l\u2019Alg\u00e9rie, mais\u2026\u00bb","footnotes":""},"categories":[53,75],"tags":[],"class_list":["post-112738","post","type-post","status-publish","format-standard","hentry","category-algerie","category-sport"],"_links":{"self":[{"href":"https:\/\/linitiative.ca\/International\/wp-json\/wp\/v2\/posts\/112738","targetHints":{"allow":["GET"]}}],"collection":[{"href":"https:\/\/linitiative.ca\/International\/wp-json\/wp\/v2\/posts"}],"about":[{"href":"https:\/\/linitiative.ca\/International\/wp-json\/wp\/v2\/types\/post"}],"author":[{"embeddable":true,"href":"https:\/\/linitiative.ca\/International\/wp-json\/wp\/v2\/users\/1738"}],"replies":[{"embeddable":true,"href":"https:\/\/linitiative.ca\/International\/wp-json\/wp\/v2\/comments?post=112738"}],"version-history":[{"count":0,"href":"https:\/\/linitiative.ca\/International\/wp-json\/wp\/v2\/posts\/112738\/revisions"}],"wp:attachment":[{"href":"https:\/\/linitiative.ca\/International\/wp-json\/wp\/v2\/media?parent=112738"}],"wp:term":[{"taxonomy":"category","embeddable":true,"href":"https:\/\/linitiative.ca\/International\/wp-json\/wp\/v2\/categories?post=112738"},{"taxonomy":"post_tag","embeddable":true,"href":"https:\/\/linitiative.ca\/International\/wp-json\/wp\/v2\/tags?post=112738"}],"curies":[{"name":"wp","href":"https:\/\/api.w.org\/{rel}","templated":true}]}}