{"id":112740,"date":"2021-03-08T06:06:00","date_gmt":"2021-03-08T11:06:00","guid":{"rendered":"https:\/\/linitiative.ca\/International\/mon-pere-sahbi-basly-par-son-fils-amine-album-photo\/"},"modified":"2021-03-08T06:06:00","modified_gmt":"2021-03-08T11:06:00","slug":"mon-pere-sahbi-basly-par-son-fils-amine-album-photo","status":"publish","type":"post","link":"https:\/\/linitiative.ca\/International\/mon-pere-sahbi-basly-par-son-fils-amine-album-photo\/","title":{"rendered":"\u00a0\u00bbMon p\u00e8re Sahbi Basly&#8230;\u00a0\u00bb par son fils, Amine (Album photo)"},"content":{"rendered":"<p><span class=\"c2\">Poignant ! Pas facile de faire le deuil de son p\u00e8re, si fra\u00eechement disparu et encore moins d\u2019en parler en public. Amine Basly devait s\u2019acquitter de ce devoir, lors de la c\u00e9r\u00e9monie d\u2019hommage \u00e0 la m\u00e9moire de l\u2019ambassadeur Sahbi Basly organis\u00e9e samedi \u00e0 Tunis par Tahya Tounes. S\u2019effor\u00e7ant de contenir son \u00e9motion, drap\u00e9 dans la sobri\u00e9t\u00e9, il se r\u00e9v\u00e8lera un digne fils de son p\u00e8re.<\/span><\/p>\n<p>J\u2019aimerais, au nom de la famille Basly et ses alli\u00e9s, commencer par remercier le mouvement Tahya Tounes et \u00e0 sa t\u00eate, le tr\u00e8s honorable si Youssef Chahed pour leur \u00e9lan de solidarit\u00e9 durant les moments difficiles qui ont pr\u00e9c\u00e9d\u00e9 et suivi le d\u00e9c\u00e8s de notre p\u00e8re, Dr Mohamed Sahbi Basly. Nous tenons \u00e9galement \u00e0 remercier si Hichem Ben Ahmed, pour tout ce qu\u2019il a fait pour notre famille, Mme Hager Ben Cheikh Ahmed, si Jalloul Jeribi, si Samir Bettaieb, si Riadh Azaiez, si Karim Ben Farhat, pour leur sollicitude et leur g\u00e9n\u00e9rosit\u00e9 dans l\u2019organisation de cette c\u00e9r\u00e9monie \u00e0 la m\u00e9moire de mon p\u00e8re, et Si Skander El Ghoul pour avoir si gentiment contribu\u00e9 \u00e0 la r\u00e9alisation technique de cet \u00e9v\u00e8nement. Nous remercions, bien s\u00fbr, tous les proches et amis de la famille qui ont \u00e9t\u00e9 \u00e0 nos c\u00f4t\u00e9s ces derni\u00e8res semaines, ainsi que toutes les personnes qui se sont d\u00e9plac\u00e9es ce matin pour prendre part \u00e0 cet hommage.<\/p>\n<p>Quand je vois cette audience, et autant de visages familiers, je ne peux que penser \u00e0 mon p\u00e8re, et \u00e0 quel point il aurait \u00e9t\u00e9 touch\u00e9 et honor\u00e9 par tant de sollicitude en sa m\u00e9moire. Nous sommes extr\u00eamement fiers de l\u2019impact qu\u2019a eu notre p\u00e8re dans la vie de nombreux de ses proches et de ses compatriotes. C\u2019est difficile de parler de lui au pass\u00e9 ou au conditionnel tant il est pr\u00e9sent dans nos vies. Il a \u00e9t\u00e9 une source d\u2019inspiration \u00e0 bien des \u00e9gards pour ses enfants, et il nous a transmis certaines le\u00e7ons de la vie, que j\u2019aimerais relater bri\u00e8vement :<\/p>\n<p><span class=\"c4\"><strong>La tol\u00e9rance et l\u2019ouverture d\u2019esprit bien s\u00fbr<\/strong><\/span><\/p>\n<p>On peut se dire qu\u2019\u00e0 travers ses diff\u00e9rentes missions diplomatiques (Inde, Espagne, Chine), il nous a aid\u00e9s \u00e0 forger un \u00e9tat d\u2019esprit curieux et ouvert sur le monde. La v\u00e9rit\u00e9 est que mis \u00e0 part Farah, ma petite s\u0153urs, mon fr\u00e8re Anis et moi \u00e9tions d\u00e9j\u00e0 rentr\u00e9s dans l\u2019\u00e2ge adulte, lorsqu\u2019il a commenc\u00e9 sa carri\u00e8re diplomatique. L\u2019ouverture d\u2019esprit qu\u2019il nous a inculqu\u00e9e a commenc\u00e9 bien avant. Les matin\u00e9es du Dimanche pass\u00e9es \u00e0 sillonner les rues de La Goulette avec mon p\u00e8re et mon grand-p\u00e8re Si Bouraoui Basly, paix \u00e0 son \u00e2me, \u00e0 \u00e9voquer leurs souvenirs en commun avec les habitants de la ville et une certaine id\u00e9e du vivre ensemble des ann\u00e9es 70-80\u2019s. Ses retours de voyage de missions pour le minist\u00e8re de la sant\u00e9 publique ou pour l\u2019OMS, o\u00f9 il nous racontait la beaut\u00e9 du monde et des cultures lointaines qu\u2019il d\u00e9couvrait. Ces innombrables fois o\u00f9 il invitait \u00e0 la maison des personnalit\u00e9s de tous bords et des amis de tous les milieux sociaux. Cette ouverture d\u2019esprit et aux autres, il se l\u2019est forg\u00e9e dans sa jeunesse et elle l\u2019a pr\u00e9par\u00e9e \u00e0 sa tr\u00e8s belle carri\u00e8re d\u2019ambassadeur.<\/p>\n<p><span class=\"c4\"><strong>Avoir toujours une haute estime de soi<\/strong><\/span><\/p>\n<p>Mon p\u00e8re avait une haute opinion de soi et de grandes ambitions pour lui-m\u00eame et pour son pays, la Tunisie. C\u2019est pr\u00e9cis\u00e9ment ce trait de caract\u00e8re qui l\u2019a toujours aid\u00e9 \u00e0 surmonter et \u00e0 d\u00e9passer les al\u00e9as de la vie et les turpitudes de la vie politique. Alors qu\u2019il a eu l\u2019occasion \u00e0 plusieurs reprises de se tourner vers une carri\u00e8re de haut fonctionnaire international, il a toujours pr\u00e9f\u00e9r\u00e9 lier son destin au service de la r\u00e9publique tunisienne. C\u2019\u00e9tait un fid\u00e8le serviteur de l\u2019Etat, un patriote, qui a toujours r\u00eav\u00e9 d\u2019une Tunisie moderne, cultiv\u00e9e, et ouverte sur le monde ; il s\u2019est toujours battu pour que son pays compte dans les enjeux internationaux, et ait sa place au concert des nations d\u00e9mocratiques et prosp\u00e8res.<\/p>\n<p><span class=\"c4\"><strong>Oser et prendre des initiatives<\/strong><\/span><\/p>\n<p>Mon p\u00e8re a fait de l&rsquo;audace sa marque de fabrique. Il savait marquer les esprits au premier abord, et savait approcher les grands de ce monde pour les amener \u00e0 s\u2019engager \u00e0 ses c\u00f4t\u00e9s et aux c\u00f4t\u00e9s de la Tunisie. Bref, il r\u00e9ussissait \u00e0 mettre notre pays sur le devant de la sc\u00e8ne partout o\u00f9 il passait. Il cherchait \u00e9galement \u00e0 transmettre cette vertu aux jeunes \u00e9tudiants et expatri\u00e9s des communaut\u00e9s tunisiennes dont il avait la charge, et les encourageait r\u00e9guli\u00e8rement \u00e0 oser r\u00eaver et briller dans leurs domaines respectifs, tout en leur assurant son soutien ind\u00e9fectible pour faciliter leur s\u00e9jour ou leur adaptation.<\/p>\n<p><span class=\"c4\"><strong>Enfin, Reconna\u00eetre la valeur de l\u2019amiti\u00e9<\/strong><\/span><\/p>\n<p>Tous ceux qui ont connu mon p\u00e8re de pr\u00e8s, savent qu\u2019il a toujours eu une \u00e2me de grand enfant. Comme les enfants, c\u2019\u00e9tait quelqu\u2019un de tr\u00e8s curieux, de bonne compagnie, fac\u00e9tieux parfois, qui s\u2019\u00e9merveillait devant la nouveaut\u00e9, qui aimait la d\u00e9couverte des autres et les nouvelles rencontres&#8230; Et comme les enfants, il a le sens de l\u2019amiti\u00e9 dans sa forme la plus simple et la plus sinc\u00e8re : il n\u2019y a pas de protocole entre les amis, on ne se prend pas au s\u00e9rieux entre amis, on demande\u00a0 r\u00e9guli\u00e8rement de leurs nouvelles, on est toujours pr\u00e9sent dans les grands moments de la vie d\u2019un ami, on ne laisse jamais tomber ses amis en difficult\u00e9, etc.\u2026 La date d\u2019aujourd\u2019hui, le 6 Mars, est aussi son jour d\u2019anniversaire (il aurait eu 69 ans) et comme chaque ann\u00e9e, nous l\u2019invitions \u00e0 d\u00e9jeuner \u00e0 La Goulette pour c\u00e9l\u00e9brer cette journ\u00e9e ensemble. C\u2019\u00e9tait toujours un moment convivial ou s\u2019entrem\u00ealaient nostalgie, anecdotes et projets futurs. Il \u00e9tait jovial et heureux de nous avoir \u00e0 ses c\u00f4t\u00e9s, tout comme il l\u2019\u00e9tait plus tard dans l\u2019apr\u00e8s-midi, lorsqu\u2019il recevait chez lui ses fr\u00e8res et s\u0153urs autour d&rsquo;un bon th\u00e9 \u00e0 la menthe, pour se rem\u00e9morer leurs souvenirs en commun. Repose en paix cher p\u00e8re, tu as tellement donn\u00e9 pour tes proches et ta patrie.<\/p>\n<p>Allah Yar7mek w ina3mek<\/p>\n<p class=\"c5\"><strong>Amine Basly<\/strong><\/p>\n<p><strong>Lire aussi<\/strong><\/p>\n<p><a href=\"https:\/\/www.leaders.com.tn\/article\/31540-ambassadeur-sahbi-basly-un-diplomate-atypique-celebre-album-photo\" target=\"_blank\" rel=\"noopener\">Ambassadeur Sahbi Basly : Un diplomate atypique, c\u00e9l\u00e9br\u00e9 (Album photo)<\/a><\/p>\n<p><a href=\"https:\/\/www.leaders.com.tn\/article\/31371-l-ambassadeur-sahbi-basly-est-decede\" target=\"_blank\" rel=\"noopener\">L\u2019ambassadeur Sahbi Basly est d\u00e9c\u00e9d\u00e9<\/a><\/p>\n<p><a href=\"https:\/\/www.leaders.com.tn\/article\/30139-basly-mohamed-sahbi-un-nouveau-style-de-gouvernance-mondiale\" target=\"_blank\" rel=\"noopener\">Sahbi Basly : Un nouveau style de gouvernance mondiale<\/a><\/p>\n<p><a href=\"https:\/\/www.leaders.com.tn\/article\/30889-mohamed-sahbi-basly-elections-americaines-quelles-perspectives\" target=\"_blank\" rel=\"noopener\">Mohamed Sahbi Basly &#8211; \u00c9lections Am\u00e9ricaines : Quelles perspectives ?<\/a><\/p>\n<p><a href=\"https:\/\/www.leaders.com.tn\/article\/10025-sahbi-basly-livre-ses-memoires\" target=\"_blank\" rel=\"noopener\">Sahbi Basly livre ses m\u00e9moires<\/a><\/p>\n<p><a href=\"https:\/\/www.leaders.com.tn\/article\/29028-mohamed-sahbi-basly-kaies-saied-et-la-diplomatie-du-xxi-siecle\" target=\"_blank\" rel=\"noopener\">Mohamed Sahbi Basly : Kaies Saied et la diplomatie du XXI si\u00e8cle<\/a><\/p>\n<p><a href=\"https:\/\/www.leaders.com.tn\/article\/5904-sahbi-basly-la-femme-tunisienne-le-meilleur-rempart-contre-l-obscurantisme\" target=\"_blank\" rel=\"noopener\">Sahbi Basly : \u00ab\u00a0la femme tunisienne, le meilleur rempart contre l&rsquo;obscurantisme\u00a0\u00bb<\/a><\/p>\n<p><a href=\"https:\/\/www.leaders.com.tn\/article\/29798-dr-mohamed-sahbi-ou-va-le-monde-qu-est-qui-va-changer\" target=\"_blank\" rel=\"noopener\">Dr Mohamed Sahbi Basly : O\u00f9 va le monde? Qu\u2019est-ce qui va changer&#8230;!<\/a><\/p>\n<p><a href=\"https:\/\/www.leaders.com.tn\/article\/25416-dr-basly-mohamed-sahbi-la-tunisie-et-l-ambitieux-projet-la-ceinture-et-la-route\" target=\"_blank\" rel=\"noopener\">Dr Basly Mohamed Sahbi: La Tunisie et l\u2019ambitieux projet de \u00abla Route de la soie\u00bb<\/a><\/p>\n<p><a href=\"https:\/\/www.leaders.com.tn\/article\/4423-le-dr-sahbi-basly-obtient-le-visa-pour-son-parti-al-mustakbel\" target=\"_blank\" rel=\"noopener\">Le Dr Sahbi Basly obtient le visa pour son parti Al Mustakbel<\/a><\/p>\n<p><a href=\"https:\/\/www.leaders.com.tn\/article\/7021-sahbi-basly-et-faouzi-elloumi-fusionnent-leurs-partis\" target=\"_blank\" rel=\"noopener\">Sahbi Basly et Faouzi Elloumi fusionnent leurs partis<\/a><\/p>\n<p>Auteur:<br \/>\n<a href=\"https:\/\/www.leaders.com.tn\/article\/31541-mon-pere-sahbi-basly-par-son-fils-amine-album-photo\">Cliquez ici pour lire l&rsquo;article depuis sa source.<\/a><\/p>\n","protected":false},"excerpt":{"rendered":"<p>Poignant ! Pas facile de faire le deuil de son p\u00e8re, si fra\u00eechement disparu et encore moins d\u2019en parler en public. Amine Basly devait s\u2019acquitter de ce devoir, lors de la c\u00e9r\u00e9monie d\u2019hommage \u00e0 la m\u00e9moire de l\u2019ambassadeur Sahbi Basly organis\u00e9e samedi \u00e0 Tunis par Tahya Tounes. S\u2019effor\u00e7ant de contenir son \u00e9motion, drap\u00e9 dans la [&hellip;]<\/p>\n","protected":false},"author":1772,"featured_media":0,"comment_status":"closed","ping_status":"closed","sticky":false,"template":"","format":"standard","meta":{"fifu_image_url":"","fifu_image_alt":"","footnotes":""},"categories":[73,55],"tags":[],"class_list":["post-112740","post","type-post","status-publish","format-standard","hentry","category-actualite","category-tunisie"],"_links":{"self":[{"href":"https:\/\/linitiative.ca\/International\/wp-json\/wp\/v2\/posts\/112740","targetHints":{"allow":["GET"]}}],"collection":[{"href":"https:\/\/linitiative.ca\/International\/wp-json\/wp\/v2\/posts"}],"about":[{"href":"https:\/\/linitiative.ca\/International\/wp-json\/wp\/v2\/types\/post"}],"author":[{"embeddable":true,"href":"https:\/\/linitiative.ca\/International\/wp-json\/wp\/v2\/users\/1772"}],"replies":[{"embeddable":true,"href":"https:\/\/linitiative.ca\/International\/wp-json\/wp\/v2\/comments?post=112740"}],"version-history":[{"count":0,"href":"https:\/\/linitiative.ca\/International\/wp-json\/wp\/v2\/posts\/112740\/revisions"}],"wp:attachment":[{"href":"https:\/\/linitiative.ca\/International\/wp-json\/wp\/v2\/media?parent=112740"}],"wp:term":[{"taxonomy":"category","embeddable":true,"href":"https:\/\/linitiative.ca\/International\/wp-json\/wp\/v2\/categories?post=112740"},{"taxonomy":"post_tag","embeddable":true,"href":"https:\/\/linitiative.ca\/International\/wp-json\/wp\/v2\/tags?post=112740"}],"curies":[{"name":"wp","href":"https:\/\/api.w.org\/{rel}","templated":true}]}}