{"id":112741,"date":"2021-03-08T09:44:00","date_gmt":"2021-03-08T14:44:00","guid":{"rendered":"https:\/\/linitiative.ca\/International\/inauguration-de-la-premiere-salle-de-gestion-de-risque-de-catastrophe-en-tunisie\/"},"modified":"2021-03-08T09:44:00","modified_gmt":"2021-03-08T14:44:00","slug":"inauguration-de-la-premiere-salle-de-gestion-de-risque-de-catastrophe-en-tunisie","status":"publish","type":"post","link":"https:\/\/linitiative.ca\/International\/inauguration-de-la-premiere-salle-de-gestion-de-risque-de-catastrophe-en-tunisie\/","title":{"rendered":"Inauguration de la premi\u00e8re salle de gestion de risque de catastrophe en Tunisie"},"content":{"rendered":"<p>La Tunisie est expos\u00e9e \u00e0 un large \u00e9ventail de risques, notamment des inondations, des s\u00e9cheresses, des tremblements de terre, des glissements de terrain, des incendies de for\u00eat, des temp\u00eates de neige, des flux de r\u00e9fugi\u00e9s et des risques biologiques. Si la s\u00e9cheresse constitue le risque le plus fr\u00e9quent(51%), les inondations font quant \u00e0 elles le plus grand nombre de victimes (70%) et causent les pertes \u00e9conomiques les plus importantes (environ 60%).<\/p>\n<p>De leur c\u00f4t\u00e9, les incendies ontd\u00e9pass\u00e9les 2550 entre 2011 et 2018, d\u00e9truisant environ 3,5% de la superficie foresti\u00e8re tunisienne.C\u2019est dire que les catastrophes, en particulier naturelles, de plus en plus fr\u00e9quentes ces derni\u00e8res d\u00e9cennies sont \u00e0 l\u2019origine de pertes humaines, \u00e9conomiques-\u00e9valu\u00e9es \u00e0 plus de 1 milliard de dinars- et sociales substantielles, en particulier dans les pays en d\u00e9veloppement avec une planification urbaine et des infrastructures inappropri\u00e9es aux ph\u00e9nom\u00e8nes \u00e0 long terme.<\/p>\n<p>De fait, avec le r\u00e9chauffement climatique, la pr\u00e9diction de ces ph\u00e9nom\u00e8nes est devenue plus difficile, ce qui augmente le nombre de d\u00e9c\u00e8s, de d\u00e9placements de population, d&rsquo;\u00e9pid\u00e9mie de maladies, de destruction des infrastructures. D\u2019autre part, ces catastrophes touchent souvent les groupes les plus vuln\u00e9rables,sachant fort bien que la crise sanitaire actuelle a accentu\u00e9 les vuln\u00e9rabilit\u00e9s \u00e9conomiques et sociales.<\/p>\n<p>Un effort de solidarit\u00e9 entre les \u00c9tats et les organisations internationales est plus que n\u00e9cessaire pour mettre en place des programmes de r\u00e9ponse aux catastrophes pour ce qui est de la pr\u00e9vision, de l&rsquo;information, de l&rsquo;assistance secours, de la reconstruction, du transfert de technologie et formation.<\/p>\n<p>\u00c0 titre d\u2019exemple, les inondations que la Tunisie a connues en septembre 2018 ont montr\u00e9 que la t\u00e2che d&rsquo;intervention et de r\u00e9ponse est plus efficace \u00e0 la lumi\u00e8re de l&rsquo;existence de syst\u00e8mes d&rsquo;alerte pr\u00e9coce, de strat\u00e9gies et de plans d&rsquo;intervention. Ceux-ci doivent \u00eatreadoss\u00e9s \u00e0 des plans d&rsquo;action nationaux, r\u00e9gionaux et locaux bas\u00e9s sur le d\u00e9veloppement de politiques d&rsquo;am\u00e9nagement du territoireet de gestion des syst\u00e8mes et de l&rsquo;urbanisme, bas\u00e9s sur la connaissance de la r\u00e9alit\u00e9 du terrain, en l\u2019occurrence les zones les plus expos\u00e9es aux risques et l&rsquo;identification des priorit\u00e9s d&rsquo;intervention.<\/p>\n<p>Ainsi, m\u00eame si ces risques sont in\u00e9vitables, il est possible d\u2019en r\u00e9duire l\u2019impact et l\u2019ampleur. La Tunisie, convaincue de la n\u00e9cessit\u00e9 de faire face aux risques d\u00e9coulant des catastrophes, s&rsquo;est engag\u00e9e dans touts les accords r\u00e9gionaux et mondiaux li\u00e9s \u00e0 la r\u00e9duction des risques de catastrophe, \u00e0 leur pr\u00e9vention ou \u00e0 leur adaptation, notamment ceux de Sendai (2015-2030), ainsi que la mise \u00e0 jour des strat\u00e9gies arabes et africaines de r\u00e9duction des risques de catastrophe et de leurs programmes d&rsquo;action respectifs.<\/p>\n<p>De nombreux projets ont \u00e9t\u00e9 mis en \u0153uvre, dans ce sens pour:<\/p>\n<p class=\"c3\"><span class=\"c2\"><strong>\u2022<\/strong><\/span> Prot\u00e9ger les villes des inondations afin de r\u00e9duire le nombre de d\u00e9c\u00e8s et de pertes \u00e9conomiques,<\/p>\n<p class=\"c3\"><span class=\"c2\"><strong>\u2022<\/strong><\/span> Renforcer la gouvernance locale et permettre aux autorit\u00e9s r\u00e9gionales et locales de planifier et d&rsquo;agir sur l&rsquo;espace territorial,<\/p>\n<p class=\"c3\"><span class=\"c2\"><strong>\u2022<\/strong><\/span> Achever la pr\u00e9paration de la Strat\u00e9gie nationale de r\u00e9duction des risques de catastrophe avec l&rsquo;appui du Bureau du d\u00e9veloppement des Nations Unies,<\/p>\n<p class=\"c3\"><span class=\"c2\"><strong>\u2022<\/strong><\/span> Initier la mise en \u0153uvre de projets mod\u00e8les dans les villes les plus vuln\u00e9rables et affect\u00e9es, en coop\u00e9ration avec nos alli\u00e9s au d\u00e9veloppement \u00e0 Gab\u00e8s, Mater, Siliana, Kasserine et Boussalem comme projets mod\u00e8les,<\/p>\n<p class=\"c3\"><span class=\"c2\"><strong>\u2022<\/strong><\/span> \u00c9tablir un programme tourn\u00e9 vers l&rsquo;avenir sur les villes durables bas\u00e9 sur une planification participative qui comprend des exigences et des m\u00e9canismes de r\u00e9duction des risques de catastrophe,<\/p>\n<p class=\"c3\"><span class=\"c2\"><strong>\u2022<\/strong><\/span> Initier le d\u00e9veloppement d&rsquo;exemples de d\u00e9veloppement urbain et de strat\u00e9gies sectorielles, en tenant compte des risques naturels et industriels et des impacts cumulatifs potentiels.<\/p>\n<p>De fait, au vu des engagements de l&rsquo;\u00c9tat tunisien aux accords de Sendai et aux objectifs de d\u00e9veloppement durable, le Minist\u00e8re des Affaires Locales et de l&rsquo;Environnement \/ Administration G\u00e9n\u00e9rale de l&rsquo;Environnement et de la Qualit\u00e9 de Vie en coop\u00e9ration avec le Bureau des Nations Unies pour le D\u00e9veloppement (PNUD) en Tunisie, le Commissaire europ\u00e9en (DGECHO), l&rsquo;Office National de la Protection Civile, les communes d&rsquo;Ain Draham et Tataouine, et l&rsquo;Institut National de la M\u00e9t\u00e9orologie a mis en \u0153uvre le projet \u00ab Appui aux capacit\u00e9s locales des communes d&rsquo;Ain Draham et Tataouine dans le domaine de r\u00e9duction des risques de catastrophe \u00bb, moyennant un financement de 1 million d&rsquo;euros. Ce projet est \u00e0 m\u00eame de favoriser la r\u00e9duction proactive des risques de catastrophes qui tiennent compte des exigences de la planification. Il se base sur :<\/p>\n<p class=\"c3\"><span class=\"c2\"><strong>\u2022<\/strong><\/span> La mise en place des outils d&rsquo;aide \u00e0 la d\u00e9cision et de planification en lien avec l&rsquo;\u00e9valuation des risques et la planification de la r\u00e9duction des risques de catastrophe dans les deux communes,<\/p>\n<p class=\"c3\"><span class=\"c2\"><strong>\u2022<\/strong><\/span> La protection et la pr\u00e9servation de la population et des infrastructures vitales, en s&rsquo;appuyant sur le syst\u00e8me d&rsquo;alerte pr\u00e9coce de la commune d&rsquo;Ain Draham.<\/p>\n<p class=\"c3\"><span class=\"c2\"><strong>\u2022<\/strong><\/span> La mise en \u0153uvre des programmes de renforcement des capacit\u00e9s de gestion des risques de catastrophe en fonction des besoins exprim\u00e9s par les acteurs locaux et r\u00e9gionaux,<\/p>\n<p class=\"c3\"><span class=\"c2\"><strong>\u2022<\/strong><\/span> Un \u00c9change d&rsquo;informations, formation de la population et acteurs locaux dans le domaine de la r\u00e9duction des risques de catastrophe,<\/p>\n<p class=\"c3\"><span class=\"c2\"><strong>\u2022<\/strong><\/span> Mise en \u0153uvre des mesures prioritaires de r\u00e9duction des risques de catastrophe \u00e0 Ain Draham,<\/p>\n<p class=\"c3\"><span class=\"c2\"><strong>\u2022<\/strong><\/span> Organisation op\u00e9rationnelle de la pr\u00e9paration et de la r\u00e9ponse aux catastrophes au niveau de la municipalit\u00e9,<\/p>\n<p class=\"c3\"><span class=\"c2\"><strong>\u2022<\/strong><\/span> Consolidation du syst\u00e8me d&rsquo;alerte pr\u00e9coce mis en place \u00e0 Ain Drahem;<\/p>\n<p>C\u2019est dans ce contexte que le jeudi 4 mars s\u2019est d\u00e9roul\u00e9e l\u2019inauguration de la salle de gestion de risques. L\u2019\u00e9v\u00e9nement \u00e9tait l\u2019occasion de d\u00e9finir et de former les organes locaux de gestion des catastrophes et d\u2019organiser d&rsquo;une op\u00e9ration blanche pour g\u00e9rer le d\u00e9sastre des feux de for\u00eat \u00e0 Ain Draham en pr\u00e9sence de Ali Marmouri, le gouverneur de Jendouba, dela Mairesse de Ain Draham et les diff\u00e9rents membres de la commission r\u00e9gionale de lutte contre les catastrophes naturelles et les calamit\u00e9s de Jendouba, un repr\u00e9sentant du Minist\u00e8re des affaires locales et d\u2019environnement et aussi de l\u2019office nationale de protection civile.<\/p>\n<p>Auteur:<br \/>\n<a href=\"https:\/\/www.leaders.com.tn\/article\/31543-inauguration-de-la-premiere-salle-de-gestion-de-risque-de-catastrophe-en-tunisie\">Cliquez ici pour lire l&rsquo;article depuis sa source.<\/a><\/p>\n","protected":false},"excerpt":{"rendered":"<p>La Tunisie est expos\u00e9e \u00e0 un large \u00e9ventail de risques, notamment des inondations, des s\u00e9cheresses, des tremblements de terre, des glissements de terrain, des incendies de for\u00eat, des temp\u00eates de neige, des flux de r\u00e9fugi\u00e9s et des risques biologiques. Si la s\u00e9cheresse constitue le risque le plus fr\u00e9quent(51%), les inondations font quant \u00e0 elles le [&hellip;]<\/p>\n","protected":false},"author":1772,"featured_media":0,"comment_status":"closed","ping_status":"closed","sticky":false,"template":"","format":"standard","meta":{"fifu_image_url":"","fifu_image_alt":"","footnotes":""},"categories":[73,55],"tags":[],"class_list":["post-112741","post","type-post","status-publish","format-standard","hentry","category-actualite","category-tunisie"],"_links":{"self":[{"href":"https:\/\/linitiative.ca\/International\/wp-json\/wp\/v2\/posts\/112741","targetHints":{"allow":["GET"]}}],"collection":[{"href":"https:\/\/linitiative.ca\/International\/wp-json\/wp\/v2\/posts"}],"about":[{"href":"https:\/\/linitiative.ca\/International\/wp-json\/wp\/v2\/types\/post"}],"author":[{"embeddable":true,"href":"https:\/\/linitiative.ca\/International\/wp-json\/wp\/v2\/users\/1772"}],"replies":[{"embeddable":true,"href":"https:\/\/linitiative.ca\/International\/wp-json\/wp\/v2\/comments?post=112741"}],"version-history":[{"count":0,"href":"https:\/\/linitiative.ca\/International\/wp-json\/wp\/v2\/posts\/112741\/revisions"}],"wp:attachment":[{"href":"https:\/\/linitiative.ca\/International\/wp-json\/wp\/v2\/media?parent=112741"}],"wp:term":[{"taxonomy":"category","embeddable":true,"href":"https:\/\/linitiative.ca\/International\/wp-json\/wp\/v2\/categories?post=112741"},{"taxonomy":"post_tag","embeddable":true,"href":"https:\/\/linitiative.ca\/International\/wp-json\/wp\/v2\/tags?post=112741"}],"curies":[{"name":"wp","href":"https:\/\/api.w.org\/{rel}","templated":true}]}}