{"id":112743,"date":"2021-03-08T12:21:00","date_gmt":"2021-03-08T17:21:00","guid":{"rendered":"https:\/\/linitiative.ca\/International\/chedly-ayari-moderation-sagesse-et-perspicacite\/"},"modified":"2021-03-08T12:21:00","modified_gmt":"2021-03-08T17:21:00","slug":"chedly-ayari-moderation-sagesse-et-perspicacite","status":"publish","type":"post","link":"https:\/\/linitiative.ca\/International\/chedly-ayari-moderation-sagesse-et-perspicacite\/","title":{"rendered":"Chedly Ayari: Mod\u00e9ration, sagesse et perspicacit\u00e9"},"content":{"rendered":"<p><span class=\"c2\"><strong><em>Par Abdellatif Jouahri. Gouverneur de Bank Al-Maghrib &#8211;<\/em><\/strong><\/span> Je voudrais exprimer ma profonde gratitude \u00e0 son excellence M. Marouane El Abassi, gouverneur de la Banque centrale de Tunisie, qui m\u2019a offert l\u2019occasion de r\u00e9it\u00e9rer mes sinc\u00e8res condol\u00e9ances suite au d\u00e9c\u00e8s d\u2019un ami g\u00e9n\u00e9reux et d\u2019un fr\u00e8re cher et pr\u00e9cieux pour nous, feu Chedly Ayari. A sa famille et \u00e0 ses proches, j\u2019adresse mes sentiments de profonde compassion, priant le Tout-Puissant de leur inspirer r\u00e9confort et de les entourer de sa sollicitude.<\/p>\n<p>Je garde pr\u00e9sent \u00e0 l\u2019esprit ce que le d\u00e9funt incarnait, \u00e0 l\u2019appr\u00e9ciation de tous, comme bont\u00e9,\u00a0 modestie, noblesse, conjugu\u00e9es \u00e0 de sages opinions et une grande exp\u00e9rience. Il laisse une empreinte toute particuli\u00e8re aupr\u00e8s de ceux qui l\u2019ont connu et travaill\u00e9 avec lui, et qui lui ont toujours t\u00e9moign\u00e9 un profond respect et une haute consid\u00e9ration. Il ne vous \u00e9chappe pas que feu Chedly Ayari avait accompli un parcours professionnel exceptionnel par sa vari\u00e9t\u00e9 comme par la g\u00e9n\u00e9rosit\u00e9 de son don de soi. Il avait occup\u00e9 de hautes charges tant en Tunisie qu\u2019\u00e0 l\u2019\u00e9tranger, couvrant des domaines \u00e9conomiques, sociaux, diplomatiques, acad\u00e9miques et op\u00e9rationnels. A toutes les \u00e9tapes, il avait fait montre d\u2019un haut degr\u00e9 de patriotisme et d\u2019une totale abn\u00e9gation au service de son pays.<\/p>\n<p>Au niveau r\u00e9gional et international, j\u2019ai eu l\u2019occasion, plus d\u2019une fois, de participer avec notre d\u00e9funt \u00e0 des rencontres et r\u00e9unions de haut niveau, qui m\u2019ont permis de conna\u00eetre ses visions fond\u00e9es sur des principes et des convictions solides et qui sont reconnus par leur mod\u00e9ration, leur sagesse et leur perspicacit\u00e9.<\/p>\n<p>Je pense aussi que ma relation personnelle avec Si Chedly, lorsqu\u2019il \u00e9tait gouverneur de la Banque centrale de Tunisie, m\u2019autorise \u00e0 rendre hommage \u00e0 ses efforts d\u00e9vou\u00e9s pour moderniser la Banque et consolider ses fondamentaux afin qu\u2019elle assume pleinement ses fonctions au mieux possible. Je me rem\u00e9more ses sages positions et sa forte conviction de la n\u00e9cessit\u00e9 de renforcer les liens entre les \u00e9tablissements financiers, et son attachement \u00e0 promouvoir les \u00e9changes d\u2019exp\u00e9riences entre eux.<\/p>\n<p>Avec mon ami, M. Marouane El Abassi, nous sommes tous deux d\u00e9termin\u00e9s \u00e0 consolider des relations bilat\u00e9rales exemplaires et fructueuses entre nos deux banques centrales.<br \/>Nous garderons vivaces les valeurs d\u2019un homme de la qualit\u00e9 de feu Chedly Ayari, un b\u00e2tisseur g\u00e9n\u00e9reux, et je reste persuad\u00e9 que son \u0153uvre et ses r\u00e9alisations cultiveront son souvenir et que ses ambitions seront une source d\u2019inspiration pour les g\u00e9n\u00e9rations de la Tunisie d\u2019aujourd\u2019hui et celles \u00e0 venir.<\/p>\n<p class=\"c3\"><strong>Abdellatif Jouahri<\/strong><\/p>\n<p class=\"c4\"><strong>Lire aussi<\/strong><\/p>\n<p class=\"c4\"><a href=\"https:\/\/www.leaders.com.tn\/article\/31534-chedly-ayari-le-charisme-des-grands-professeurs-la-finesse-des-diplomates-chevronnes-et-la-tenacite-des-patriotes\" target=\"_blank\" rel=\"noopener\">Chedly Ayari: Le charisme des grands professeurs, la finesse des diplomates chevronn\u00e9s et la t\u00e9nacit\u00e9 des patriotes<\/a><br \/><a href=\"https:\/\/www.leaders.com.tn\/article\/31529-chedly-ayari-1933-2021-l-economiste-pluriel\" target=\"_blank\" rel=\"noopener\">Chedly Ayari, 1933 &#8211; 2021: L\u2019\u00e9conomiste pluriel<\/a><\/p>\n<p>Auteur:<br \/>\n<a href=\"https:\/\/www.leaders.com.tn\/article\/31545-chedly-ayari-moderation-sagesse-et-perspicacite\">Cliquez ici pour lire l&rsquo;article depuis sa source.<\/a><\/p>\n","protected":false},"excerpt":{"rendered":"<p>Par Abdellatif Jouahri. Gouverneur de Bank Al-Maghrib &#8211; Je voudrais exprimer ma profonde gratitude \u00e0 son excellence M. Marouane El Abassi, gouverneur de la Banque centrale de Tunisie, qui m\u2019a offert l\u2019occasion de r\u00e9it\u00e9rer mes sinc\u00e8res condol\u00e9ances suite au d\u00e9c\u00e8s d\u2019un ami g\u00e9n\u00e9reux et d\u2019un fr\u00e8re cher et pr\u00e9cieux pour nous, feu Chedly Ayari. A [&hellip;]<\/p>\n","protected":false},"author":1772,"featured_media":0,"comment_status":"closed","ping_status":"closed","sticky":false,"template":"","format":"standard","meta":{"fifu_image_url":"","fifu_image_alt":"","footnotes":""},"categories":[73,55],"tags":[],"class_list":["post-112743","post","type-post","status-publish","format-standard","hentry","category-actualite","category-tunisie"],"_links":{"self":[{"href":"https:\/\/linitiative.ca\/International\/wp-json\/wp\/v2\/posts\/112743","targetHints":{"allow":["GET"]}}],"collection":[{"href":"https:\/\/linitiative.ca\/International\/wp-json\/wp\/v2\/posts"}],"about":[{"href":"https:\/\/linitiative.ca\/International\/wp-json\/wp\/v2\/types\/post"}],"author":[{"embeddable":true,"href":"https:\/\/linitiative.ca\/International\/wp-json\/wp\/v2\/users\/1772"}],"replies":[{"embeddable":true,"href":"https:\/\/linitiative.ca\/International\/wp-json\/wp\/v2\/comments?post=112743"}],"version-history":[{"count":0,"href":"https:\/\/linitiative.ca\/International\/wp-json\/wp\/v2\/posts\/112743\/revisions"}],"wp:attachment":[{"href":"https:\/\/linitiative.ca\/International\/wp-json\/wp\/v2\/media?parent=112743"}],"wp:term":[{"taxonomy":"category","embeddable":true,"href":"https:\/\/linitiative.ca\/International\/wp-json\/wp\/v2\/categories?post=112743"},{"taxonomy":"post_tag","embeddable":true,"href":"https:\/\/linitiative.ca\/International\/wp-json\/wp\/v2\/tags?post=112743"}],"curies":[{"name":"wp","href":"https:\/\/api.w.org\/{rel}","templated":true}]}}