{"id":112748,"date":"2021-03-08T09:57:37","date_gmt":"2021-03-08T14:57:37","guid":{"rendered":"https:\/\/linitiative.ca\/International\/violation-des-droits-des-migrants-et-refugies-sahraouis-les-rapporteurs-speciaux-de-lonu-adressent-une-communication-au-gouvernement-algerien\/"},"modified":"2021-03-08T09:57:37","modified_gmt":"2021-03-08T14:57:37","slug":"violation-des-droits-des-migrants-et-refugies-sahraouis-les-rapporteurs-speciaux-de-lonu-adressent-une-communication-au-gouvernement-algerien","status":"publish","type":"post","link":"https:\/\/linitiative.ca\/International\/violation-des-droits-des-migrants-et-refugies-sahraouis-les-rapporteurs-speciaux-de-lonu-adressent-une-communication-au-gouvernement-algerien\/","title":{"rendered":"Violation des droits des migrants et r\u00e9fugi\u00e9s sahraouis : les rapporteurs sp\u00e9ciaux de l\u2019ONU adressent une communication au gouvernement alg\u00e9rien"},"content":{"rendered":"<p><strong>Face aux graves violations des droits de l\u2019homme constat\u00e9es \u00e0 l\u2019encontre des migrants et r\u00e9fugi\u00e9s sahraouis, les rapporteurs sp\u00e9ciaux de l\u2019ONU ont d\u00e9j\u00e0 envoy\u00e9 une communication au gouvernement alg\u00e9rien.<\/strong><\/p>\n<div class=\"c10\">\n<\/div>\n<p>\u00ab\u00a0Ces violations semblent s\u2019inscrire dans une tendance plus g\u00e9n\u00e9rale de violations syst\u00e9matiques qui auraient \u00e9t\u00e9 commises par les forces de s\u00e9curit\u00e9 alg\u00e9riennes \u00e0 l\u2019encontre des r\u00e9fugi\u00e9s sahraouis et des mineurs migrants. Des incidents similaires d\u2019abus pr\u00e9sum\u00e9s de mineurs migrants par les forces de s\u00e9curit\u00e9 alg\u00e9riennes ont \u00e9t\u00e9 rapport\u00e9s en janvier et mai 2020 pr\u00e8s de la fronti\u00e8re entre l\u2019Alg\u00e9rie et le Niger\u00a0\u00bb, apprend-t-on.<\/p>\n<p><strong>Lire aussi| <a href=\"https:\/\/www.challenge.ma\/declarer-et-payer-limpot-sont-deux-obligations-distinctes-177306\/\">D\u00e9clarer et payer l\u2019imp\u00f4t sont deux obligations distinctes<\/a><\/strong><\/p>\n<p>\u00ab\u00a0Le 1er janvier 2020, les forces de s\u00e9curit\u00e9 alg\u00e9riennes auraient abattu trois mineurs migrants qui tentaient de traverser la fronti\u00e8re. Le 15 mai 2020, une patrouille de l\u2019arm\u00e9e alg\u00e9rienne aurait mis le feu au site d\u2019exploitation artisanale de l\u2019or d\u2019Abadara, tuant trois migrants et laissant les huit autres avec des br\u00fblures au troisi\u00e8me degr\u00e9 et des blessures graves. La r\u00e9pression et les pratiques discriminatoires \u00e0 l\u2019\u00e9gard des r\u00e9fugi\u00e9s auraient \u00e9t\u00e9 accrues pendant l\u2019\u00e9tat d\u2019urgence li\u00e9 \u00e0 la pand\u00e9mie de COVID-19 dans les camps de Tindouf\u00a0\u00bb, note-t-on \u00e9galement.<\/p>\n<p><strong>Lire aussi| <a href=\"https:\/\/www.challenge.ma\/redmed-finance-se-diversifie-dans-le-private-equity-176835\/\">RedMed Finance se diversifie dans le private equity<\/a><\/strong><\/p>\n<p>Auteur: challenge<br \/>\n<a href=\"https:\/\/www.challenge.ma\/violation-des-droits-des-migrants-et-refugies-sahraouis-les-rapporteurs-speciaux-de-lonu-adressent-une-communication-au-gouvernement-algerien-177376\/\">Cliquez ici pour lire l&rsquo;article depuis sa source.<\/a><\/p>\n","protected":false},"excerpt":{"rendered":"<p>Face aux graves violations des droits de l\u2019homme constat\u00e9es \u00e0 l\u2019encontre des migrants et r\u00e9fugi\u00e9s sahraouis, les rapporteurs sp\u00e9ciaux de l\u2019ONU ont d\u00e9j\u00e0 envoy\u00e9 une communication au gouvernement alg\u00e9rien. \u00ab\u00a0Ces violations semblent s\u2019inscrire dans une tendance plus g\u00e9n\u00e9rale de violations syst\u00e9matiques qui auraient \u00e9t\u00e9 commises par les forces de s\u00e9curit\u00e9 alg\u00e9riennes \u00e0 l\u2019encontre des r\u00e9fugi\u00e9s [&hellip;]<\/p>\n","protected":false},"author":1787,"featured_media":0,"comment_status":"closed","ping_status":"closed","sticky":false,"template":"","format":"standard","meta":{"fifu_image_url":"","fifu_image_alt":"","footnotes":""},"categories":[78,54],"tags":[],"class_list":["post-112748","post","type-post","status-publish","format-standard","hentry","category-economie","category-maroc"],"_links":{"self":[{"href":"https:\/\/linitiative.ca\/International\/wp-json\/wp\/v2\/posts\/112748","targetHints":{"allow":["GET"]}}],"collection":[{"href":"https:\/\/linitiative.ca\/International\/wp-json\/wp\/v2\/posts"}],"about":[{"href":"https:\/\/linitiative.ca\/International\/wp-json\/wp\/v2\/types\/post"}],"author":[{"embeddable":true,"href":"https:\/\/linitiative.ca\/International\/wp-json\/wp\/v2\/users\/1787"}],"replies":[{"embeddable":true,"href":"https:\/\/linitiative.ca\/International\/wp-json\/wp\/v2\/comments?post=112748"}],"version-history":[{"count":0,"href":"https:\/\/linitiative.ca\/International\/wp-json\/wp\/v2\/posts\/112748\/revisions"}],"wp:attachment":[{"href":"https:\/\/linitiative.ca\/International\/wp-json\/wp\/v2\/media?parent=112748"}],"wp:term":[{"taxonomy":"category","embeddable":true,"href":"https:\/\/linitiative.ca\/International\/wp-json\/wp\/v2\/categories?post=112748"},{"taxonomy":"post_tag","embeddable":true,"href":"https:\/\/linitiative.ca\/International\/wp-json\/wp\/v2\/tags?post=112748"}],"curies":[{"name":"wp","href":"https:\/\/api.w.org\/{rel}","templated":true}]}}