{"id":112749,"date":"2021-03-08T10:23:38","date_gmt":"2021-03-08T15:23:38","guid":{"rendered":"https:\/\/linitiative.ca\/International\/plus-de-20-millions-dannees-de-vies-perdues-suite-a-la-covid-19-etude\/"},"modified":"2021-03-08T10:23:38","modified_gmt":"2021-03-08T15:23:38","slug":"plus-de-20-millions-dannees-de-vies-perdues-suite-a-la-covid-19-etude","status":"publish","type":"post","link":"https:\/\/linitiative.ca\/International\/plus-de-20-millions-dannees-de-vies-perdues-suite-a-la-covid-19-etude\/","title":{"rendered":"Plus de 20 millions d\u2019ann\u00e9es de vies perdues suite \u00e0 la Covid-19 [\u00c9tude]"},"content":{"rendered":"<p><strong>Plus de 20,5 millions d\u2019ann\u00e9es de vie ont \u00e9t\u00e9 perdues \u00e0 cause du Covid-19 dans le monde. C\u2019est ce qui ressort de l\u2019\u00e9tude publi\u00e9 dans <a href=\"https:\/\/www.nature.com\/articles\/s41598-021-83040-3\">Nature<\/a>, qui a analys\u00e9 \u00e0 quel point les d\u00e9c\u00e8s li\u00e9s \u00e0 la pand\u00e9mie sont pr\u00e9matur\u00e9s \u00e0 travers 81 pays.<\/strong><\/p>\n<div class=\"c10\">\n<\/div>\n<p>Les chercheurs ont calcul\u00e9 la diff\u00e9rence entre l\u2019\u00e2ge d\u2019un individu au moment de sa mort et son\u00a0esp\u00e9rance de vie\u00a0normale pour plus de 1,23 million\u00a0de victimes de la Covid dans 81 pays dans le monde. L\u2019analyse comprend tous les pays avec au moins 1 d\u00e9c\u00e8s sur 4 li\u00e9 au coronavirus couvrant au minimum les 9 premiers mois de la pand\u00e9mie.<\/p>\n<p><strong>Lire aussi|\u00a0<a href=\"https:\/\/www.challenge.ma\/declarer-et-payer-limpot-sont-deux-obligations-distinctes-177306\/\">D\u00e9clarer et payer l\u2019imp\u00f4t sont deux obligations distinctes<\/a><\/strong><\/p>\n<p>Selon cette \u00e9tude, 20.507.518 ann\u00e9es de vie ont \u00e9t\u00e9 perdues \u00e0 cause du Covid-19 parmi les 81 pays \u00e9tudi\u00e9s. En moyenne, chaque personne qui est morte du coronavirus a perdu 16 ann\u00e9es de vie. Pr\u00e8s de 45% de ces ann\u00e9es perdues concernaient des personnes \u00e2g\u00e9es de 55 \u00e0 75 ans. Les personnes \u00e2g\u00e9es de plus de 75 ans repr\u00e9sentaient 25% des ann\u00e9es perdues, bien que la majorit\u00e9 des d\u00e9c\u00e8s concerne cette tranche d\u2019\u00e2ge. Les personnes de moins de 55 ans repr\u00e9sentaient environ 30% des ann\u00e9es perdues.<\/p>\n<figure class=\"wp-block-image size-large\"><img decoding=\"async\" loading=\"lazy\" width=\"1024\" height=\"838\" src=\"https:\/\/www.challenge.ma\/wp-content\/uploads\/2021\/03\/dc3ae7b688_50173382_annees-vie-perdues-hector-pifarre-i-arolas-scientific-reports-2021.jpg\" alt=\"\" class=\"wp-image-177370\" srcset=\"https:\/\/www.challenge.ma\/wp-content\/uploads\/2021\/03\/dc3ae7b688_50173382_annees-vie-perdues-hector-pifarre-i-arolas-scientific-reports-2021.jpg 1024w, https:\/\/www.challenge.ma\/wp-content\/uploads\/2021\/03\/dc3ae7b688_50173382_annees-vie-perdues-hector-pifarre-i-arolas-scientific-reports-2021-300x246.jpg 300w, https:\/\/www.challenge.ma\/wp-content\/uploads\/2021\/03\/dc3ae7b688_50173382_annees-vie-perdues-hector-pifarre-i-arolas-scientific-reports-2021-768x629.jpg 768w, https:\/\/www.challenge.ma\/wp-content\/uploads\/2021\/03\/dc3ae7b688_50173382_annees-vie-perdues-hector-pifarre-i-arolas-scientific-reports-2021-360x295.jpg 360w, https:\/\/www.challenge.ma\/wp-content\/uploads\/2021\/03\/dc3ae7b688_50173382_annees-vie-perdues-hector-pifarre-i-arolas-scientific-reports-2021-750x614.jpg 750w\" sizes=\"auto, (max-width: 1024px) 100vw, 1024px\"\/><figcaption><em>Les ann\u00e9es de vie perdues par pays et par tranche d\u2019\u00e2ge et par sexe.<\/em><\/figcaption><\/figure>\n<p>L\u2019\u00e9tude souligne un impact plus prononc\u00e9 chez les hommes, ils ont perdu 44% d\u2019ann\u00e9es de vie de plus que les femmes. Mais le rapport entre le nombre d\u2019ann\u00e9es de vies perdues chez les hommes et chez les femmes n\u2019est pas le m\u00eame dans tous les pays. Dans les pays \u00e0 faibles revenus comme Cuba, la R\u00e9publique dominicaine et le P\u00e9rou, les hommes ont perdu beaucoup plus d\u2019ann\u00e9es que les femmes, alors que dans les pays \u00e0 revenus \u00e9lev\u00e9s comme la Finlande et le Canada, les chiffres sont relativement similaires entre les genres.<\/p>\n<p><strong>Lire aussi|<\/strong><a href=\"https:\/\/www.challenge.ma\/violation-des-droits-des-migrants-et-refugies-sahraouis-les-rapporteurs-speciaux-de-lonu-adressent-une-communication-au-gouvernement-algerien-177376\/\"><strong>Violation des droits des migrants et r\u00e9fugi\u00e9s sahraouis : les rapporteurs sp\u00e9ciaux de l\u2019ONU adressent une communication au gouvernement alg\u00e9rien<\/strong><\/a><\/p>\n<p>L\u2019\u00e9tude a \u00e9galement d\u00e9termin\u00e9 que le coronavirus a r\u00e9duit de fa\u00e7on consid\u00e9rable le nombre d\u2019ann\u00e9es de la dur\u00e9e de vie mondiale. Dans les pays tr\u00e8s d\u00e9velopp\u00e9s qui ont \u00e9t\u00e9 fortement touch\u00e9s par la pand\u00e9mie, la recherche a montr\u00e9 que le nombre d\u2019ann\u00e9es de vie perdues \u00e0 cause du Covid-19 pourrait \u00eatre de 2 \u00e0 9 fois plus \u00e9lev\u00e9 que celui de la grippe saisonni\u00e8re.<\/p>\n<p>Auteur: Hajar DARI<br \/>\n<a href=\"https:\/\/www.challenge.ma\/plus-de-20-millions-dannees-de-vies-perdues-suite-a-la-covid-19-etude-177367\/\">Cliquez ici pour lire l&rsquo;article depuis sa source.<\/a><\/p>\n","protected":false},"excerpt":{"rendered":"<p>Plus de 20,5 millions d\u2019ann\u00e9es de vie ont \u00e9t\u00e9 perdues \u00e0 cause du Covid-19 dans le monde. C\u2019est ce qui ressort de l\u2019\u00e9tude publi\u00e9 dans Nature, qui a analys\u00e9 \u00e0 quel point les d\u00e9c\u00e8s li\u00e9s \u00e0 la pand\u00e9mie sont pr\u00e9matur\u00e9s \u00e0 travers 81 pays. Les chercheurs ont calcul\u00e9 la diff\u00e9rence entre l\u2019\u00e2ge d\u2019un individu au [&hellip;]<\/p>\n","protected":false},"author":1787,"featured_media":0,"comment_status":"closed","ping_status":"closed","sticky":false,"template":"","format":"standard","meta":{"fifu_image_url":"https:\/\/www.challenge.ma\/wp-content\/uploads\/2021\/03\/dc3ae7b688_50173382_annees-vie-perdues-hector-pifarre-i-arolas-scientific-reports-2021.jpg","fifu_image_alt":"Plus de 20 millions d\u2019ann\u00e9es de vies perdues suite \u00e0 la Covid-19 [\u00c9tude]","footnotes":""},"categories":[78,54],"tags":[],"class_list":["post-112749","post","type-post","status-publish","format-standard","hentry","category-economie","category-maroc"],"_links":{"self":[{"href":"https:\/\/linitiative.ca\/International\/wp-json\/wp\/v2\/posts\/112749","targetHints":{"allow":["GET"]}}],"collection":[{"href":"https:\/\/linitiative.ca\/International\/wp-json\/wp\/v2\/posts"}],"about":[{"href":"https:\/\/linitiative.ca\/International\/wp-json\/wp\/v2\/types\/post"}],"author":[{"embeddable":true,"href":"https:\/\/linitiative.ca\/International\/wp-json\/wp\/v2\/users\/1787"}],"replies":[{"embeddable":true,"href":"https:\/\/linitiative.ca\/International\/wp-json\/wp\/v2\/comments?post=112749"}],"version-history":[{"count":0,"href":"https:\/\/linitiative.ca\/International\/wp-json\/wp\/v2\/posts\/112749\/revisions"}],"wp:attachment":[{"href":"https:\/\/linitiative.ca\/International\/wp-json\/wp\/v2\/media?parent=112749"}],"wp:term":[{"taxonomy":"category","embeddable":true,"href":"https:\/\/linitiative.ca\/International\/wp-json\/wp\/v2\/categories?post=112749"},{"taxonomy":"post_tag","embeddable":true,"href":"https:\/\/linitiative.ca\/International\/wp-json\/wp\/v2\/tags?post=112749"}],"curies":[{"name":"wp","href":"https:\/\/api.w.org\/{rel}","templated":true}]}}