{"id":112757,"date":"2021-03-08T13:17:54","date_gmt":"2021-03-08T18:17:54","guid":{"rendered":"https:\/\/linitiative.ca\/International\/an-i-de-la-covid-19-au-burkina\/"},"modified":"2021-03-08T13:17:54","modified_gmt":"2021-03-08T18:17:54","slug":"an-i-de-la-covid-19-au-burkina","status":"publish","type":"post","link":"https:\/\/linitiative.ca\/International\/an-i-de-la-covid-19-au-burkina\/","title":{"rendered":"AN I DE LA COVID-19 AU BURKINA"},"content":{"rendered":"<p class=\"c4\"><em>9 mars 2020 \u2013 9 mars 2021\u00a0! Cela fait un an jour pour jour, que les premiers cas de la Covid-19 ont \u00e9t\u00e9 enregistr\u00e9s au Burkina Faso. Tr\u00e8s vite, la psychose s\u2019est empar\u00e9e des populations. Le gouvernement, d\u00e9bord\u00e9 par les exigences li\u00e9es \u00e0 la prise en charge des malades de la pand\u00e9mie, ne savait pas o\u00f9 donner de la t\u00eate pour rassurer les Burkinab\u00e8. Le temps du flottement et du balbutiement que l\u2019on a constat\u00e9 d\u00e8s le d\u00e9part \u00e0 propos de la gestion de la maladie par le gouvernement, a suscit\u00e9 des r\u00e9actions au vitriol. Un an apr\u00e8s, avec le recul, l\u2019on doit reconna\u00eetre que le gouvernement, m\u00eame s\u2019il ne m\u00e9rite pas la mention \u00ab\u00a0honorable\u00a0\u00bb pour sa gestion de la pand\u00e9mie, ne m\u00e9rite pas non plus la mention \u00ab\u00a0m\u00e9diocre\u00bb. Comparaison n\u2019est pas raison, mais au plan africain, le Burkina est l\u2019un des pays qui ont su g\u00e9rer au mieux la Covid-19. En effet, la mobilisation pour contrer le mal a \u00e9t\u00e9 quasi g\u00e9n\u00e9rale. Et le pays a fait montre d\u2019une solidarit\u00e9 exceptionnelle pour endiguer la pand\u00e9mie. L\u2019on se souvient de l\u2019initiative de l\u2019Assembl\u00e9e nationale qui a consist\u00e9 \u00e0 collecter des fonds pour am\u00e9liorer la prise en charge de la pand\u00e9mie. Et dans le sursaut national contre la terrible maladie, une mention sp\u00e9ciale doit \u00eatre faite aux travailleurs de la sant\u00e9 et \u00e0 ceux des m\u00e9dias. Les premiers, pour s\u2019\u00eatre donn\u00e9 corps et \u00e2me aux soins des malades en d\u00e9pit des risques que cela implique. Les seconds, pour avoir beaucoup contribu\u00e9 \u00e0 faire conna\u00eetre la pand\u00e9mie et pour avoir diffus\u00e9 au sein des populations, les mesures- barri\u00e8res. Les leaders religieux n\u2019ont pas \u00e9t\u00e9 en reste. En effet, ces derniers ont su bien accompagner le gouvernement en faisant accepter par leurs fid\u00e8les, la fermeture des lieux de culte. Mais ceux qui ont le plus pay\u00e9 un lourd tribut \u00e0 la Covid-19, ont \u00e9t\u00e9 les commer\u00e7ants en particulier et les Burkinab\u00e8 en g\u00e9n\u00e9ral qui vivent au jour le jour. Pour ces derniers, en effet, ce fut tr\u00e8s dur au point que l\u2019on est arriv\u00e9, entre-temps, \u00e0 craindre les \u00e9meutes de la faim.<\/em><\/p>\n<p class=\"c4\"><em>\u00a0<\/em><\/p>\n<p class=\"c6\"><strong><em>Les variants de la maladie r\u00f4dent et ils sont encore plus redoutables<\/em><\/strong><\/p>\n<p class=\"c4\"><em>\u00a0<\/em><\/p>\n<p class=\"c4\"><em>Et les cons\u00e9quences d\u2019un tel sc\u00e9nario auraient \u00e9t\u00e9 pires que le mal lui-m\u00eame. Heureusement que le gouvernement a su anticiper les choses en levant le couvre-feu et en proc\u00e9dant \u00e0 la r\u00e9ouverture des march\u00e9s et yaars. Un an apr\u00e8s, les Burkinab\u00e8 retiennent que la Covid-19 les a beaucoup \u00e9prouv\u00e9s \u00e9conomiquement et socialement parlant. La mesure-barri\u00e8re consistant \u00e0 ne pas se serrer les mains, a profond\u00e9ment modifi\u00e9 leur mode de vie. Et sur le plan num\u00e9rique, de nouvelles pratiques se sont impos\u00e9es \u00e0 eux\u00a0: l\u2019on peut citer le t\u00e9l\u00e9travail, le t\u00e9l\u00e9enseignement, les visioconf\u00e9rences. Cette derni\u00e8re, peut-on dire, a permis au budget national de souffler. Cela dit, au moment o\u00f9 nous tra\u00e7ions ces lignes, le nombre total des cas s\u2019\u00e9levait \u00e0 12 181 dont 4 573 femmes et 7 608 hommes. Le total des gu\u00e9risons est de 11 816. Le nombre des cas actifs s\u2019\u00e9l\u00e8ve \u00e0 222\u00a0; le nombre des d\u00e9c\u00e8s \u00e0 143 personnes. L\u2019on peut dire que comparativement \u00e0 bien des pays africains, ces statistiques ne sont pas affolantes. Et \u00e0 comparer aux pays des autres continents, on peut prendre le risque de dire que ces statistiques sont ridicules. En tout cas, elles sont insignifiantes comparativement aux statistiques des ravages li\u00e9s au paludisme et \u00e0 la m\u00e9ningite. C\u2019est pourquoi les autorit\u00e9s doivent aussi mettre un point d\u2019honneur \u00e0 traquer ces pathologies. Et cette interpellation, au-del\u00e0 du gouvernement, s\u2019adresse aussi \u00e0 la communaut\u00e9 internationale qui doit faire montre de la m\u00eame volont\u00e9 de \u00a0bouter ces maladies hors du Burkina comme elle l\u2019a fait avec la Covid-19. En moins d\u2019une ann\u00e9e de Covid-19, les vaccins sont d\u00e9j\u00e0 l\u00e9gion. On\u00a0 a le sentiment que la communaut\u00e9 internationale n\u2019a pas encore inscrit la lutte contre le paludisme dans ses priorit\u00e9s. Pourtant, cette maladie fait des h\u00e9catombes en Afrique, et plus particuli\u00e8rement au Burkina depuis la nuit des temps. Mais cette observation n\u2019est pas une invite \u00e0 baisser la garde vis-\u00e0-vis du coronavirus. Car, la pand\u00e9mie est encore dans nos murs, m\u00eame si la tendance actuellement est \u00e0 la baisse. L\u2019on doit d\u2019autant plus ne pas baisser la garde que l\u2019on n\u2019est pas \u00e0 l\u2019abri d\u2019une nouvelle vague. En outre, les variants de la maladie r\u00f4dent et ils sont encore plus redoutables que la version originale du mal. L\u2019on peut enfin ajouter \u00e0 cela le n\u00e9gationnisme dans lequel bien des Burkinab\u00e8 se sont install\u00e9s depuis l\u2019av\u00e8nement de la pand\u00e9mie en 2020. Et ils sont encore nombreux les Burkinab\u00e8 qui ne croient pas \u00e0 la r\u00e9alit\u00e9 de la Covid-19. Les dispositifs de lavage des mains qui avaient \u00e9t\u00e9 syst\u00e9matiquement install\u00e9s dans les services et autres lieux publics, ont disparu comme par enchantement ou ont cess\u00e9 d\u2019\u00eatre fonctionnels. Autant donc de raisons qui commandent que l\u2019on ne baisse pas la garde. Le dernier grand d\u00e9fi \u00e0 relever est celui du vaccin anti-Covid-19. Et dans un environnement marqu\u00e9 par le d\u00e9ni de la pand\u00e9mie, l\u2019incivisme et les consid\u00e9rations irrationnelles, l\u2019on peut, d\u2019ores et d\u00e9j\u00e0, affirmer que ce d\u00e9fi ne sera pas facile \u00e0\u00a0 relever m\u00eame dans l\u2019hypoth\u00e8se o\u00f9 le pays disposerait de vaccins gr\u00e2ce \u00e0 l\u2019initiative Covax (syst\u00e8me mis en place par l\u2019OMS pour favoriser l\u2019acc\u00e8s aux produits de lutte contre la Covid-19 aux pays pauvres).<\/em><\/p>\n<p class=\"c4\"><em>\u00a0<\/em><\/p>\n<p class=\"c6\"><strong><em>Sidzabda<\/em><\/strong><\/p>\n<p>Auteur: Editions LEPAYS<br \/>\n<a href=\"https:\/\/lepays.bf\/an-i-de-la-covid-19-au-burkina\/\">Cliquez ici pour lire l&rsquo;article depuis sa source.<\/a><\/p>\n","protected":false},"excerpt":{"rendered":"<p>9 mars 2020 \u2013 9 mars 2021\u00a0! Cela fait un an jour pour jour, que les premiers cas de la Covid-19 ont \u00e9t\u00e9 enregistr\u00e9s au Burkina Faso. Tr\u00e8s vite, la psychose s\u2019est empar\u00e9e des populations. Le gouvernement, d\u00e9bord\u00e9 par les exigences li\u00e9es \u00e0 la prise en charge des malades de la pand\u00e9mie, ne savait pas [&hellip;]<\/p>\n","protected":false},"author":1813,"featured_media":0,"comment_status":"closed","ping_status":"closed","sticky":false,"template":"","format":"standard","meta":{"fifu_image_url":"","fifu_image_alt":"","footnotes":""},"categories":[73,81],"tags":[],"class_list":["post-112757","post","type-post","status-publish","format-standard","hentry","category-actualite","category-burkina-faso"],"_links":{"self":[{"href":"https:\/\/linitiative.ca\/International\/wp-json\/wp\/v2\/posts\/112757","targetHints":{"allow":["GET"]}}],"collection":[{"href":"https:\/\/linitiative.ca\/International\/wp-json\/wp\/v2\/posts"}],"about":[{"href":"https:\/\/linitiative.ca\/International\/wp-json\/wp\/v2\/types\/post"}],"author":[{"embeddable":true,"href":"https:\/\/linitiative.ca\/International\/wp-json\/wp\/v2\/users\/1813"}],"replies":[{"embeddable":true,"href":"https:\/\/linitiative.ca\/International\/wp-json\/wp\/v2\/comments?post=112757"}],"version-history":[{"count":0,"href":"https:\/\/linitiative.ca\/International\/wp-json\/wp\/v2\/posts\/112757\/revisions"}],"wp:attachment":[{"href":"https:\/\/linitiative.ca\/International\/wp-json\/wp\/v2\/media?parent=112757"}],"wp:term":[{"taxonomy":"category","embeddable":true,"href":"https:\/\/linitiative.ca\/International\/wp-json\/wp\/v2\/categories?post=112757"},{"taxonomy":"post_tag","embeddable":true,"href":"https:\/\/linitiative.ca\/International\/wp-json\/wp\/v2\/tags?post=112757"}],"curies":[{"name":"wp","href":"https:\/\/api.w.org\/{rel}","templated":true}]}}