{"id":112758,"date":"2021-03-08T13:22:23","date_gmt":"2021-03-08T18:22:23","guid":{"rendered":"https:\/\/linitiative.ca\/International\/legislatives-en-cote-divoire\/"},"modified":"2021-03-08T13:22:23","modified_gmt":"2021-03-08T18:22:23","slug":"legislatives-en-cote-divoire","status":"publish","type":"post","link":"https:\/\/linitiative.ca\/International\/legislatives-en-cote-divoire\/","title":{"rendered":"LEGISLATIVES EN COTE D\u2019IVOIRE\u00a0"},"content":{"rendered":"<p class=\"c4\"><em>La C\u00f4te d\u2019Ivoire a d\u00e9sormais un Premier ministre par int\u00e9rim. Il s\u2019appelle Patrick Achi. Il remplace Ahmed Bakayoko en s\u00e9jour m\u00e9dical en Europe. Quant au minist\u00e8re de la D\u00e9fense, il est confi\u00e9 \u00e0 T\u00e9n\u00e9 Birahima Ouattara, par ailleurs, fr\u00e8re cadet du pr\u00e9sident ivoirien. Ce l\u00e9ger remaniement minist\u00e9riel intervient, pour ainsi dire, au lendemain des l\u00e9gislatives qui, contrairement \u00e0 la pr\u00e9sidentielle d\u2019octobre 2020 qui avait connu des sc\u00e8nes de violences avant et apr\u00e8s le scrutin, se sont d\u00e9roul\u00e9es sans\u00a0 couac ni anicroche.\u00a0 Le caract\u00e8re inclusif de l\u2019organisation des l\u00e9gislatives doit indiscutablement expliquer cet \u00e9tat de fait, malgr\u00e9 les quelques d\u00e9saccords initiaux qui ne manquent jamais en pareilles circonstances. Mais une question se pose actuellement\u00a0: les protagonistes se soumettront-ils au verdict des urnes\u00a0? Le moins que l\u2019on puisse dire, c\u2019est que les choses qui avaient si bien commenc\u00e9, donnaient l\u2019impression d\u2019une r\u00e9ussite quasi parfaite de l\u2019organisation. Cependant, ce calme n\u2019est-il que le \u00ab\u00a0silence d\u2019un fusil charg\u00e9\u00a0\u00bb ?<\/em> <em>Comme cela arrive souvent en Afrique subsaharienne, la proclamation des r\u00e9sultats provisoires ou d\u00e9finitifs constitue le moment le plus sensible dans l\u2019organisation des \u00e9lections.<\/em><\/p>\n<p class=\"c4\"><em>\u00a0<\/em><\/p>\n<p class=\"c6\"><strong><em>Tout se passe comme si contester les r\u00e9sultats provisoires, est devenu la strat\u00e9gie politicienne<\/em><\/strong><\/p>\n<p class=\"c4\"><em>\u00a0<\/em><\/p>\n<p class=\"c4\"><em>Il suffit de quelques \u00e9tincelles pour que des passions se d\u00e9cha\u00eenent. G\u00e9n\u00e9ralement, c\u2019est l\u2019opposition, en mauvais exemple, qui donne le ton.<\/em> <em>Pour preuve, en C\u00f4te d\u2019Ivoire, alors que la Commission \u00e9lectorale avait \u00e0 peine entam\u00e9 la proclamation des r\u00e9sultats provisoires, Niamkey Koffi, porte-parole du Parti d\u00e9mocratique de C\u00f4te d\u2019Ivoire (PDCI), premier parti d\u2019opposition alli\u00e9 au parti de l\u2019ex-pr\u00e9sident Laurent Gbagbo, a revendiqu\u00e9, le 7 mars, la victoire aux \u00e9lections l\u00e9gislatives tenues la veille\u00a0: \u00ab\u00a0Nous pensons \u00eatre autour de 128 si\u00e8ges avec nos alli\u00e9s\u00a0\u00bb, a-t-il affirm\u00e9.\u00a0<\/em> <em>Dans ses turpitudes, Niamkey Koffi a mis en garde le gouvernement contre toute tentative frauduleuse qui fausserait la sinc\u00e9rit\u00e9 du scrutin. Mais comment peut-il parler de sinc\u00e9rit\u00e9 du scrutin, avant la proclamation int\u00e9grale des r\u00e9sultats par la structure habilit\u00e9e ? L\u2019organisation de toute \u00e9lection doit suivre les r\u00e8gles \u00e9tablies. C\u2019est pourquoi il y a dans le comportement de ce responsable d\u2019opposition politique, une forme de mauvaise foi honteuse, hideuse et dangereuse. Il est mals\u00e9ant et dangereux de violer ainsi, l\u2019esprit des textes r\u00e9gissant une campagne \u00e9lectorale.<\/em> <em>Cette pratique de l\u2019opposition ivoirienne est l\u2019apanage de certains acteurs politiques dans la plupart des pays d\u2019Afrique. R\u00e9cemment, la m\u00eame chose a \u00e9t\u00e9 constat\u00e9e au Niger, au Mali\u2026 En effet, tout se passe comme si contester les r\u00e9sultats provisoires, est devenu la strat\u00e9gie politicienne par excellence, du c\u00f4t\u00e9 des partis d\u2019opposition. En v\u00e9rit\u00e9, la man\u0153uvre est tr\u00e8s dangereuse et peut facilement glisser vers le d\u00e9sastre. Certes, il ne s\u2019agit pas pour nous de donner aux partis au pouvoir, le bon Dieu sans confession\u00a0! Loin s\u2019en faut\u00a0! Mais si l\u2019on estime que des r\u00e9sultats provisoires sont \u00e9maill\u00e9s de tricheries, de tripatouillages ou de toutes autres formes de manipulations, il y a des voies de recours l\u00e9gales pour se faire entendre.<\/em><\/p>\n<p class=\"c4\"><em>\u00a0<\/em><\/p>\n<p class=\"c6\"><strong><em>A force de tenter le diable, on finit par r\u00e9veiller les vieux d\u00e9mons\u00a0<\/em><\/strong><\/p>\n<p class=\"c4\"><em>\u00a0<\/em><\/p>\n<p class=\"c4\"><em>En C\u00f4te d\u2019Ivoire, comme il fallait s\u2019y attendre, la r\u00e9ponse du berger \u00e0 la berg\u00e8re, ne s\u2019est pas fait attendre. Car, le num\u00e9ro deux du Rassemblement des houphou\u00ebtistes pour la D\u00e9mocratie et la paix (RHDP), parti du pr\u00e9sident Alassane Dramane Ouattara, Adama Bictogo, \u00e0 travers une br\u00e8ve d\u00e9claration, accusait, \u00e0 son tour, le PDCI d\u2019\u00eatre dans une logique de mauvais perdant. A-t-on besoin davantage d\u2019ingr\u00e9dients pour faire basculer un pays dans une contestation tous azimuts, pouvant conduire \u00e0 une situation incontr\u00f4lable ?\u00a0<\/em> <em>Les Ivoiriens doivent savoir raison garder, d\u2019autant que le pays a \u00e9t\u00e9 pendant longtemps, le th\u00e9\u00e2tre de violences meurtri\u00e8res ayant provoqu\u00e9 des milliers de morts. Nombreux sont ceux qui se plaisent \u00e0 dire que la C\u00f4te d\u2019Ivoire est un pays qui a tout pour \u00eatre heureux. Pourquoi ne pas \u00e9viter de tout essayer pour le rendre \u00e0 nouveau malheureux ? Car, \u00e0 force de tenter le diable, on finit par r\u00e9veiller les vieux d\u00e9mons !<\/em> <em>Nonobstant les accusations du coordonnateur g\u00e9n\u00e9ral du PDCI, il se d\u00e9gage, \u00e0 premi\u00e8re vue, une certaine sinc\u00e9rit\u00e9 du scrutin, \u00e0 en croire la configuration m\u00eame des r\u00e9sultats d\u00e9j\u00e0 proclam\u00e9s. Rappelons que le PDCI a form\u00e9 une alliance avec l\u2019Ensemble pour la d\u00e9mocratie et la souverainet\u00e9 (EDS). Une sorte de coalition qui regroupe les partisans de l\u2019ex-pr\u00e9sident Laurent Gbagbo actuellement en exil, dont le mouvement, le Front populaire ivoirien (FPI), est de retour dans le jeu \u00e9lectoral, pour la premi\u00e8re fois depuis 10 ans. Cette coalition d\u00e9montre bien sa force \u00e0 la faveur de ces l\u00e9gislatives. Ce qu\u2019Adama Bictogo lui-m\u00eame semble avoir reconnu, car certains ministres de la mouvance pr\u00e9sidentielle ont perdu les \u00e9lections dans leurs localit\u00e9s respectives. On peut alors s\u2019attendre \u00e0 ce que l\u2019opposition ait une certaine poigne sur le futur \u00e9chiquier politique ivoirien. Ce n\u2019est pas rien\u00a0! \u00a0<\/em><\/p>\n<p class=\"c4\"><em>\u00a0<\/em><\/p>\n<p class=\"c6\"><strong><em>\u00ab\u00a0Le Pays\u00a0\u00bb<\/em><\/strong><\/p>\n<p>Auteur: Editions LEPAYS<br \/>\n<a href=\"https:\/\/lepays.bf\/legislatives-en-cote-divoire-2\/\">Cliquez ici pour lire l&rsquo;article depuis sa source.<\/a><\/p>\n","protected":false},"excerpt":{"rendered":"<p>La C\u00f4te d\u2019Ivoire a d\u00e9sormais un Premier ministre par int\u00e9rim. Il s\u2019appelle Patrick Achi. Il remplace Ahmed Bakayoko en s\u00e9jour m\u00e9dical en Europe. Quant au minist\u00e8re de la D\u00e9fense, il est confi\u00e9 \u00e0 T\u00e9n\u00e9 Birahima Ouattara, par ailleurs, fr\u00e8re cadet du pr\u00e9sident ivoirien. Ce l\u00e9ger remaniement minist\u00e9riel intervient, pour ainsi dire, au lendemain des l\u00e9gislatives [&hellip;]<\/p>\n","protected":false},"author":1813,"featured_media":0,"comment_status":"closed","ping_status":"closed","sticky":false,"template":"","format":"standard","meta":{"fifu_image_url":"","fifu_image_alt":"","footnotes":""},"categories":[73,81],"tags":[],"class_list":["post-112758","post","type-post","status-publish","format-standard","hentry","category-actualite","category-burkina-faso"],"_links":{"self":[{"href":"https:\/\/linitiative.ca\/International\/wp-json\/wp\/v2\/posts\/112758","targetHints":{"allow":["GET"]}}],"collection":[{"href":"https:\/\/linitiative.ca\/International\/wp-json\/wp\/v2\/posts"}],"about":[{"href":"https:\/\/linitiative.ca\/International\/wp-json\/wp\/v2\/types\/post"}],"author":[{"embeddable":true,"href":"https:\/\/linitiative.ca\/International\/wp-json\/wp\/v2\/users\/1813"}],"replies":[{"embeddable":true,"href":"https:\/\/linitiative.ca\/International\/wp-json\/wp\/v2\/comments?post=112758"}],"version-history":[{"count":0,"href":"https:\/\/linitiative.ca\/International\/wp-json\/wp\/v2\/posts\/112758\/revisions"}],"wp:attachment":[{"href":"https:\/\/linitiative.ca\/International\/wp-json\/wp\/v2\/media?parent=112758"}],"wp:term":[{"taxonomy":"category","embeddable":true,"href":"https:\/\/linitiative.ca\/International\/wp-json\/wp\/v2\/categories?post=112758"},{"taxonomy":"post_tag","embeddable":true,"href":"https:\/\/linitiative.ca\/International\/wp-json\/wp\/v2\/tags?post=112758"}],"curies":[{"name":"wp","href":"https:\/\/api.w.org\/{rel}","templated":true}]}}