{"id":112759,"date":"2021-03-08T13:25:43","date_gmt":"2021-03-08T18:25:43","guid":{"rendered":"https:\/\/linitiative.ca\/International\/ousmane-sonko-inculpe-et-libere-sous-controle-judiciaire\/"},"modified":"2021-03-08T13:25:43","modified_gmt":"2021-03-08T18:25:43","slug":"ousmane-sonko-inculpe-et-libere-sous-controle-judiciaire","status":"publish","type":"post","link":"https:\/\/linitiative.ca\/International\/ousmane-sonko-inculpe-et-libere-sous-controle-judiciaire\/","title":{"rendered":"\u00a0OUSMANE SONKO INCULPE ET LIBERE SOUS CONTROLE JUDICIAIRE"},"content":{"rendered":"<p class=\"c4\"><em>Les choses semblent aller vite pour l\u2019opposant s\u00e9n\u00e9galais Ousmane Sonko. En effet, arr\u00eat\u00e9 le 3 mars dernier pour \u00ab\u00a0troubles \u00e0 l\u2019ordre public et participation \u00e0 une manifestation non autoris\u00e9e\u00a0\u00bb, il a vu le r\u00e9gime de garde-\u00e0-vue sous lequel il \u00e9tait plac\u00e9, lev\u00e9. Et pr\u00e9sent\u00e9 dans la foul\u00e9e au juge d\u2019instruction, il a \u00e9t\u00e9 inculp\u00e9 et remis en libert\u00e9 sous contr\u00f4le judiciaire pour les faits pr\u00e9sum\u00e9s de viol dont on l\u2019accuse. En prenant une telle d\u00e9cision, le juge a-t-il privil\u00e9gi\u00e9 la paix sociale au d\u00e9triment du droit ? On ne saurait y r\u00e9pondre. Toujours est-il que cette d\u00e9cision de justice pourrait contribuer, un tant soit peu, \u00e0 d\u00e9crisper l\u2019atmosph\u00e8re sociopolitique pour le moins surchauff\u00e9e depuis l\u2019arrestation du patron du Parti s\u00e9n\u00e9galais pour le travail, l\u2019\u00e9thique et la fraternit\u00e9 (PASTEF). La situation pouvait davantage d\u00e9g\u00e9n\u00e9rer si, en lieu et place d\u2019une inculpation sous contr\u00f4le judiciaire, le doyen des juges d\u2019instruction s\u2019avisait de d\u00e9cerner un mandat de d\u00e9p\u00f4t contre Ousmane Sonko. Certes, d\u2019aucuns diront que la d\u00e9cision du juge lui a \u00e9t\u00e9 dict\u00e9e par la rue. Mais peu importe si cela peut contribuer \u00e0 apaiser le climat social au S\u00e9n\u00e9gal o\u00f9 les violences de ces derniers jours ont laiss\u00e9 officiellement huit \u00a0morts sur le carreau.\u00a0<\/em> <em>En tout cas, au nom de la paix et de la coh\u00e9sion sociales, aucun sacrifice n\u2019est de trop. C\u2019est tant mieux donc si les diff\u00e9rents appels au calme et \u00e0 la retenue semblent avoir \u00e9t\u00e9 entendus. Car, \u00e0 l\u2019allure o\u00f9 allaient les choses, le r\u00e9gime m\u00eame de Macky Sall pouvait s\u2019en trouver \u00e9branl\u00e9.<\/em><\/p>\n<p class=\"c4\"><em>\u00a0<\/em><\/p>\n<p class=\"c6\"><strong><em>Force doit rester \u00e0 la loi<\/em><\/strong><\/p>\n<p class=\"c4\"><em>\u00a0<\/em><\/p>\n<p class=\"c4\"><em>Surtout que le mouvement de contestation n\u00e9 de l\u2019arrestation du natif de Thi\u00e8s, prenait de l\u2019ampleur si fait qu\u2019au-del\u00e0 de l\u2019affaire de m\u0153urs dont il est question, se greffaient d\u00e9sormais des revendications sociales et \u00e9conomiques et ce, dans un contexte de crise sanitaire. Cela dit, l\u2019affaire Ousmane Sonko\u00a0 risque de cr\u00e9er un f\u00e2cheux pr\u00e9c\u00e9dent au S\u00e9n\u00e9gal. Car, tout se passe comme si d\u00e9sormais, l\u2019on ne doit plus toucher au cheveu d\u2019un homme politique sans que l\u2019on ne crie \u00e0 l\u2019acharnement ou au complot politique et ce, m\u00eame si celui-ci se rend coupable de faits r\u00e9pr\u00e9hensibles. On l\u2019a d\u00e9j\u00e0 vu avec les cas de Karim Wade et Khalifa Sall, dont la condamnation pour d\u00e9tournements de deniers publics, avait aussi provoqu\u00e9 une lev\u00e9e de boucliers.<\/em> <em>Certes, le pr\u00e9sident Macky Sall, comme on l\u2019en accuse, travaille depuis peu \u00e0 faire le vide autour de lui en cherchant des noises \u00e0 tous ses adversaires capables de lui tailler des croupi\u00e8res. Mais faut-il pour autant donner le bon Dieu sans confession \u00e0 Ousmane Sonko que l\u2019on accuse de viol\u00a0? Assur\u00e9ment, non\u00a0! C\u2019est pourquoi force doit rester \u00e0 la loi. Si, \u00e0 l\u2019issue de l\u2019enqu\u00eate en cours, Ousmane Sonko est reconnu coupable, qu\u2019il soit puni conform\u00e9ment \u00e0 la loi. S\u2019il s\u2019av\u00e8re qu\u2019il s\u2019agit d\u2019une cabale mont\u00e9e de toutes pi\u00e8ces contre sa personne aux fins de nuire \u00e0 sa carri\u00e8re politique, qu\u2019il soit purement et simplement relax\u00e9. C\u2019est ainsi que doit fonctionner un Etat de droit digne de ce nom.<\/em><\/p>\n<p class=\"c4\"><em>\u00a0<\/em><\/p>\n<p class=\"c6\"><strong><em>B.O<\/em><\/strong><\/p>\n<p>Auteur: Editions LEPAYS<br \/>\n<a href=\"https:\/\/lepays.bf\/ousmane-sonko-inculpe-et-libere-sous-controle-judiciaire\/\">Cliquez ici pour lire l&rsquo;article depuis sa source.<\/a><\/p>\n","protected":false},"excerpt":{"rendered":"<p>Les choses semblent aller vite pour l\u2019opposant s\u00e9n\u00e9galais Ousmane Sonko. En effet, arr\u00eat\u00e9 le 3 mars dernier pour \u00ab\u00a0troubles \u00e0 l\u2019ordre public et participation \u00e0 une manifestation non autoris\u00e9e\u00a0\u00bb, il a vu le r\u00e9gime de garde-\u00e0-vue sous lequel il \u00e9tait plac\u00e9, lev\u00e9. Et pr\u00e9sent\u00e9 dans la foul\u00e9e au juge d\u2019instruction, il a \u00e9t\u00e9 inculp\u00e9 et [&hellip;]<\/p>\n","protected":false},"author":1813,"featured_media":0,"comment_status":"closed","ping_status":"closed","sticky":false,"template":"","format":"standard","meta":{"fifu_image_url":"","fifu_image_alt":"","footnotes":""},"categories":[73,81],"tags":[],"class_list":["post-112759","post","type-post","status-publish","format-standard","hentry","category-actualite","category-burkina-faso"],"_links":{"self":[{"href":"https:\/\/linitiative.ca\/International\/wp-json\/wp\/v2\/posts\/112759","targetHints":{"allow":["GET"]}}],"collection":[{"href":"https:\/\/linitiative.ca\/International\/wp-json\/wp\/v2\/posts"}],"about":[{"href":"https:\/\/linitiative.ca\/International\/wp-json\/wp\/v2\/types\/post"}],"author":[{"embeddable":true,"href":"https:\/\/linitiative.ca\/International\/wp-json\/wp\/v2\/users\/1813"}],"replies":[{"embeddable":true,"href":"https:\/\/linitiative.ca\/International\/wp-json\/wp\/v2\/comments?post=112759"}],"version-history":[{"count":0,"href":"https:\/\/linitiative.ca\/International\/wp-json\/wp\/v2\/posts\/112759\/revisions"}],"wp:attachment":[{"href":"https:\/\/linitiative.ca\/International\/wp-json\/wp\/v2\/media?parent=112759"}],"wp:term":[{"taxonomy":"category","embeddable":true,"href":"https:\/\/linitiative.ca\/International\/wp-json\/wp\/v2\/categories?post=112759"},{"taxonomy":"post_tag","embeddable":true,"href":"https:\/\/linitiative.ca\/International\/wp-json\/wp\/v2\/tags?post=112759"}],"curies":[{"name":"wp","href":"https:\/\/api.w.org\/{rel}","templated":true}]}}